{"id":8704,"date":"2025-02-14T03:24:06","date_gmt":"2025-02-14T03:24:06","guid":{"rendered":"https:\/\/haberbesiktas.tr\/?p=8704"},"modified":"2025-02-14T03:24:06","modified_gmt":"2025-02-14T03:24:06","slug":"milanda-walker-icin-geri-sayim","status":"publish","type":"post","link":"https:\/\/haberbesiktas.tr\/?p=8704","title":{"rendered":"Milan&#8217;da Walker i\u00e7in geri say\u0131m!"},"content":{"rendered":"<div>Milan, savunmas\u0131n\u0131 Manchester City&#8217;den Kyle Walker ile g\u00fc\u00e7lendirmeye haz\u0131rlan\u0131yor.<\/p>\n<p> Fabrizio Romano&#8217;nun haberine nazaran, Milan ve Manchester City, Walker&#8217;\u0131n kiral\u0131k transferi i\u00e7in muahede sa\u011flad\u0131. Milan, \u0130ngiliz futbolcunun ikinci yar\u0131daki maa\u015f\u0131n\u0131 \u00fcstlenecek. Milan ve Manchester City ortas\u0131nda yap\u0131lan mukaveleye nazaran 34 ya\u015f\u0131ndaki futbolcunun kiral\u0131k mukavelesinde mecbur\u00ee olmayan sat\u0131n alma opsiyonu da yer al\u0131yor.<\/p>\n<p><strong>3 YLLIK ANLA\u015eMA<\/strong><\/p>\n<p> Walker da ferd\u00ee kurallarda Milan ile 3 y\u0131ll\u0131k mutabakat sa\u011flad\u0131. Milan&#8217;\u0131n, yaz aylar\u0131nda Walker&#8217;\u0131n sat\u0131n alma opsiyonunu kullanmas\u0131 durumunda bu mutabakat kaideleri devreye girecek.<\/p>\n<p> Walker&#8217;\u0131n transferi i\u00e7in s\u0131hhat ve seyahat program\u0131 ayarland\u0131\u011f\u0131 belirtildi.<\/p>\n<p> Milan&#8217;\u0131n, 34 ya\u015f\u0131ndaki tecr\u00fcbeli futbolcunun transferini k\u0131sa m\u00fchlet i\u00e7erisinde resmiyete d\u00f6kmesi bekleniyor.<\/p>\n<p> Kyle Walker, bu d\u00f6nem Manchester City&#8217;de 18 ma\u00e7ta m\u00fchlet buldu.<\/p>\n<\/div>\n","protected":false},"excerpt":{"rendered":"<p>Milan, Manchester City&#8217;den Kyle Walker ile muahede sa\u011flad\u0131. \u0130talyan tak\u0131m\u0131, Walker&#8217;\u0131 kiral\u0131k olarak tak\u0131m\u0131na katacak. Walker&#8217;\u0131n kontrat\u0131nda mecbur\u00ee olmayan sat\u0131n alma opsiyonu da yer alacak.<\/p>\n","protected":false},"author":1,"featured_media":8705,"comment_status":"open","ping_status":"open","sticky":false,"template":"","format":"standard","meta":{"footnotes":""},"categories":[25],"tags":[645,554],"class_list":["post-8704","post","type-post","status-publish","format-standard","has-post-thumbnail","hentry","category-futbol","tag-milan","tag-walker"],"_links":{"self":[{"href":"https:\/\/haberbesiktas.tr\/index.php?rest_route=\/wp\/v2\/posts\/8704","targetHints":{"allow":["GET"]}}],"collection":[{"href":"https:\/\/haberbesiktas.tr\/index.php?rest_route=\/wp\/v2\/posts"}],"about":[{"href":"https:\/\/haberbesiktas.tr\/index.php?rest_route=\/wp\/v2\/types\/post"}],"author":[{"embeddable":true,"href":"https:\/\/haberbesiktas.tr\/index.php?rest_route=\/wp\/v2\/users\/1"}],"replies":[{"embeddable":true,"href":"https:\/\/haberbesiktas.tr\/index.php?rest_route=%2Fwp%2Fv2%2Fcomments&post=8704"}],"version-history":[{"count":1,"href":"https:\/\/haberbesiktas.tr\/index.php?rest_route=\/wp\/v2\/posts\/8704\/revisions"}],"predecessor-version":[{"id":8706,"href":"https:\/\/haberbesiktas.tr\/index.php?rest_route=\/wp\/v2\/posts\/8704\/revisions\/8706"}],"wp:featuredmedia":[{"embeddable":true,"href":"https:\/\/haberbesiktas.tr\/index.php?rest_route=\/wp\/v2\/media\/8705"}],"wp:attachment":[{"href":"https:\/\/haberbesiktas.tr\/index.php?rest_route=%2Fwp%2Fv2%2Fmedia&parent=8704"}],"wp:term":[{"taxonomy":"category","embeddable":true,"href":"https:\/\/haberbesiktas.tr\/index.php?rest_route=%2Fwp%2Fv2%2Fcategories&post=8704"},{"taxonomy":"post_tag","embeddable":true,"href":"https:\/\/haberbesiktas.tr\/index.php?rest_route=%2Fwp%2Fv2%2Ftags&post=8704"}],"curies":[{"name":"wp","href":"https:\/\/api.w.org\/{rel}","templated":true}]}}