{"id":8707,"date":"2025-02-14T03:36:05","date_gmt":"2025-02-14T03:36:05","guid":{"rendered":"https:\/\/haberbesiktas.tr\/?p=8707"},"modified":"2025-02-14T03:36:05","modified_gmt":"2025-02-14T03:36:05","slug":"milli-atici-yusuf-dikec-almanyada-gumus-madalya-kazandi","status":"publish","type":"post","link":"https:\/\/haberbesiktas.tr\/?p=8707","title":{"rendered":"Milli at\u0131c\u0131 Yusuf Dike\u00e7, Almanya&#8217;da g\u00fcm\u00fc\u015f madalya kazand\u0131"},"content":{"rendered":"<p><span><span>Milli at\u0131c\u0131 Yusuf Dike\u00e7, Almanya&#8217;da d\u00fczenlenen H&#038;N Kupas\u0131&#8217;nda g\u00fcm\u00fc\u015f madalya kazand\u0131.\u00a0<\/span><\/span> T\u00fcrkiye At\u0131c\u0131l\u0131k Federasyonunun a\u00e7\u0131klamas\u0131na nazaran, M\u00fcnih kentindeki tertipte 10 metre haval\u0131 tabanca erkekler kategorisinde T\u00fcrkiye&#8217;yi temsil eden ulusal atletler Bu\u011fra Selimzade ve Yusuf Dike\u00e7, ferdi s\u0131ralamada att\u0131klar\u0131 581 puanla finale \u00e7\u0131kt\u0131.<\/p>\n<p> Finalde \u00e7aba eden ulusal at\u0131c\u0131lardan Yusuf Dike\u00e7 g\u00fcm\u00fc\u015f madalyan\u0131n sahibi olurken, Bu\u011fra Selimzade 7. s\u0131rada yer ald\u0131.<\/p>\n","protected":false},"excerpt":{"rendered":"<p>Ulusal at\u0131c\u0131 Yusuf Dike\u00e7, Almanya&#8217;da d\u00fczenlenen H&#038;N Kupas\u0131&#8217;nda g\u00fcm\u00fc\u015f madalya kazand\u0131.<\/p>\n","protected":false},"author":1,"featured_media":8708,"comment_status":"open","ping_status":"open","sticky":false,"template":"","format":"standard","meta":{"footnotes":""},"categories":[27],"tags":[],"class_list":["post-8707","post","type-post","status-publish","format-standard","has-post-thumbnail","hentry","category-guncel-haberler"],"_links":{"self":[{"href":"https:\/\/haberbesiktas.tr\/index.php?rest_route=\/wp\/v2\/posts\/8707","targetHints":{"allow":["GET"]}}],"collection":[{"href":"https:\/\/haberbesiktas.tr\/index.php?rest_route=\/wp\/v2\/posts"}],"about":[{"href":"https:\/\/haberbesiktas.tr\/index.php?rest_route=\/wp\/v2\/types\/post"}],"author":[{"embeddable":true,"href":"https:\/\/haberbesiktas.tr\/index.php?rest_route=\/wp\/v2\/users\/1"}],"replies":[{"embeddable":true,"href":"https:\/\/haberbesiktas.tr\/index.php?rest_route=%2Fwp%2Fv2%2Fcomments&post=8707"}],"version-history":[{"count":1,"href":"https:\/\/haberbesiktas.tr\/index.php?rest_route=\/wp\/v2\/posts\/8707\/revisions"}],"predecessor-version":[{"id":8709,"href":"https:\/\/haberbesiktas.tr\/index.php?rest_route=\/wp\/v2\/posts\/8707\/revisions\/8709"}],"wp:featuredmedia":[{"embeddable":true,"href":"https:\/\/haberbesiktas.tr\/index.php?rest_route=\/wp\/v2\/media\/8708"}],"wp:attachment":[{"href":"https:\/\/haberbesiktas.tr\/index.php?rest_route=%2Fwp%2Fv2%2Fmedia&parent=8707"}],"wp:term":[{"taxonomy":"category","embeddable":true,"href":"https:\/\/haberbesiktas.tr\/index.php?rest_route=%2Fwp%2Fv2%2Fcategories&post=8707"},{"taxonomy":"post_tag","embeddable":true,"href":"https:\/\/haberbesiktas.tr\/index.php?rest_route=%2Fwp%2Fv2%2Ftags&post=8707"}],"curies":[{"name":"wp","href":"https:\/\/api.w.org\/{rel}","templated":true}]}}