{"id":8740,"date":"2025-02-14T06:00:13","date_gmt":"2025-02-14T06:00:13","guid":{"rendered":"https:\/\/haberbesiktas.tr\/?p=8740"},"modified":"2025-02-14T06:00:13","modified_gmt":"2025-02-14T06:00:13","slug":"lyonun-hocasi-pierre-sage-mourinhoya-hayranim","status":"publish","type":"post","link":"https:\/\/haberbesiktas.tr\/?p=8740","title":{"rendered":"Lyon&#8217;un hocas\u0131 Pierre Sage: &#8220;Mourinho&#8217;ya hayran\u0131m&#8221;"},"content":{"rendered":"<div>UEFA Avrupa Ligi&#8217;nin 7. haftas\u0131nda 23 Ocak Per\u015fembe g\u00fcn\u00fc Fenerbah\u00e7e&#8217;ye konuk olacak Olimpik Lyon&#8217;da teknik y\u00f6netici Pierre Sage, ellerinden gelenin en d\u00fczg\u00fcn\u00fcn\u00fc yapacaklar\u0131n\u0131 ve yakalayacaklar\u0131 bahtlar\u0131 g\u00fczel de\u011ferlendireceklerini s\u00f6yledi.<\/p>\n<p> \u00dclker Stad\u0131&#8217;nda d\u00fczenlenen bas\u0131n toplant\u0131s\u0131nda a\u00e7\u0131klamalarda bulunan Frans\u0131z grubunun teknik y\u00f6neticisi Sage, T\u00fcrkiye&#8217;de s\u0131cak halde kar\u015f\u0131land\u0131klar\u0131n\u0131 belirterek, misafirperverlik i\u00e7in te\u015fekk\u00fcr etti.<\/p>\n<p> Yar\u0131n oynanacak kar\u015f\u0131la\u015fmada \u00e7\u0131kabilecek t\u00fcm olas\u0131l\u0131klar \u00fczerine \u00e7al\u0131\u015ft\u0131klar\u0131n\u0131 kaydeden Sage, <strong>&#8220;Ciddi bir yo\u011funluk ve zorluk var. \u00c7abaya a\u00e7\u0131\u011f\u0131z. Elimizden gelenin en uygununu yap\u0131p yar\u0131n bu talihi d\u00fczg\u00fcn de\u011ferlendirece\u011fiz. Pek \u00f6zg\u00fcvenliyiz.&#8221;<\/strong> a\u00e7\u0131klamas\u0131n\u0131 yapt\u0131.<\/p>\n<p> Fenerbah\u00e7e&#8217;nin eksiklerine kar\u015f\u0131n \u015fiddetli bir ma\u00e7 bekledi\u011fini belirten Sage, her iki tak\u0131m\u0131n de yeterli bir u\u011fra\u015f ortaya koyaca\u011f\u0131n\u0131n alt\u0131n\u0131 \u00e7izdi.<\/p>\n<p> Sar\u0131-lacivertli tak\u0131m\u0131n son periyotta taktik de\u011fi\u015fiklikler yapt\u0131\u011f\u0131n\u0131 lisana getiren Pierre Sage,<strong> &#8220;Biz de bu manada kendi fikrimizi alana yans\u0131taca\u011f\u0131z.&#8221;<\/strong> diye konu\u015ftu.<\/p>\n<p> Fransa Kupas\u0131&#8217;nda 5. Lig gruplar\u0131ndan Bourgoin&#8217;a elenmeleri hat\u0131rlat\u0131lan Sage, <strong>&#8220;Benim birinci k\u0131r\u0131lmam de\u011fil. Daha evvel bunu \u00e7ok sefer ya\u015fad\u0131m, al\u0131\u015fk\u0131n\u0131m bu durumlara. Bunu bir sefer daha ya\u015fam\u0131\u015ft\u0131m, amat\u00f6r ekip kar\u015f\u0131s\u0131nda da birebir durum oldu.&#8221;<\/strong> de\u011ferlendirmesinde bulundu.<\/p>\n<p> Fenerbah\u00e7e&#8217;nin Avrupa&#8217;n\u0131n en s\u0131cak atmosferlerinden birisine sahip oldu\u011funu vurgulayan ve bununla u\u011fra\u015f\u0131n de\u011ferine de\u011finen Sage, Fenerbah\u00e7e Teknik Y\u00f6neticisi Jose Mourinho i\u00e7in de <strong>&#8220;Kendisine hayran\u0131m, metodunu ve idaresini \u00e7ok seviyorum. Kendisini tahlil ettim.&#8221;<\/strong> tabirlerini kulland\u0131.<\/p>\n<p> <strong>&#8211; Clinton Mata: &#8220;Yar\u0131n s\u0131k\u0131nt\u0131 ge\u00e7ecek, bunun fark\u0131nday\u0131z&#8221;<\/strong><\/p>\n<p> Teknik y\u00f6netici Pierre Sage&#8217;yle birlikte bas\u0131n toplant\u0131s\u0131nda yer alan futbolcu Clinton Mata, \u00e7ok de\u011ferli bir m\u00fcsabakaya \u00e7\u0131kacaklar\u0131n\u0131 ve uygun haz\u0131rland\u0131klar\u0131n\u0131 belirtti.<\/p>\n<p> Alana \u00e7\u0131kt\u0131klar\u0131 andan itibaren keyif alacaklar\u0131n\u0131 s\u00f6yleyen Mata, &#8220;<strong>Fenerbah\u00e7e&#8217;ye kar\u015f\u0131 elimizden geleni yapaca\u011f\u0131z.&#8221;<\/strong> diye konu\u015ftu.<\/p>\n<p> Yar\u0131nki ma\u00e7\u0131n atmosferiyle ilgili de a\u00e7\u0131klamalarda bulunan deneyimli oyuncu, <strong>&#8220;Baz\u0131 oyuncular\u0131m\u0131z buradaki atmosferi \u00e7ok yeterli biliyor, kimileri bilmiyor. Ben \u00e7ok uygun biliyorum. K\u0131sasa k\u0131sas bir ma\u00e7 olacak yar\u0131n. Bu ma\u00e7a \u00e7ok d\u00fczg\u00fcn odakland\u0131k ve yeterli haz\u0131rland\u0131k.&#8221;<\/strong> dedi.<\/p>\n<p> Fenerbah\u00e7e&#8217;nin g\u00fc\u00e7l\u00fc istikametlerine \u00e7al\u0131\u015ft\u0131klar\u0131n\u0131n alt\u0131n\u0131 \u00e7izen Mata, <strong>&#8220;Yar\u0131n g\u00fc\u00e7 ge\u00e7ecek, bunun fark\u0131nday\u0131z fakat Real Madrid \u00fczere bir grupla de oynad\u0131k. Futbol bu, her an her \u015fey de\u011fi\u015febilir.&#8221;<\/strong> s\u00f6zlerini kulland\u0131.<\/p>\n<\/div>\n","protected":false},"excerpt":{"rendered":"<p>UEFA Avrupa Ligi&#8217;nin 7. haftas\u0131nda 23 Ocak Per\u015fembe g\u00fcn\u00fc Fenerbah\u00e7e&#8217;ye konuk olacak Olimpik Lyon&#8217;da teknik y\u00f6netici Pierre Sage, ma\u00e7 \u00f6ncesinde a\u00e7\u0131klamalarda bulundu.<\/p>\n","protected":false},"author":1,"featured_media":8741,"comment_status":"open","ping_status":"open","sticky":false,"template":"","format":"standard","meta":{"footnotes":""},"categories":[25],"tags":[115,1075],"class_list":["post-8740","post","type-post","status-publish","format-standard","has-post-thumbnail","hentry","category-futbol","tag-fenerbahce","tag-sage"],"_links":{"self":[{"href":"https:\/\/haberbesiktas.tr\/index.php?rest_route=\/wp\/v2\/posts\/8740","targetHints":{"allow":["GET"]}}],"collection":[{"href":"https:\/\/haberbesiktas.tr\/index.php?rest_route=\/wp\/v2\/posts"}],"about":[{"href":"https:\/\/haberbesiktas.tr\/index.php?rest_route=\/wp\/v2\/types\/post"}],"author":[{"embeddable":true,"href":"https:\/\/haberbesiktas.tr\/index.php?rest_route=\/wp\/v2\/users\/1"}],"replies":[{"embeddable":true,"href":"https:\/\/haberbesiktas.tr\/index.php?rest_route=%2Fwp%2Fv2%2Fcomments&post=8740"}],"version-history":[{"count":1,"href":"https:\/\/haberbesiktas.tr\/index.php?rest_route=\/wp\/v2\/posts\/8740\/revisions"}],"predecessor-version":[{"id":8742,"href":"https:\/\/haberbesiktas.tr\/index.php?rest_route=\/wp\/v2\/posts\/8740\/revisions\/8742"}],"wp:featuredmedia":[{"embeddable":true,"href":"https:\/\/haberbesiktas.tr\/index.php?rest_route=\/wp\/v2\/media\/8741"}],"wp:attachment":[{"href":"https:\/\/haberbesiktas.tr\/index.php?rest_route=%2Fwp%2Fv2%2Fmedia&parent=8740"}],"wp:term":[{"taxonomy":"category","embeddable":true,"href":"https:\/\/haberbesiktas.tr\/index.php?rest_route=%2Fwp%2Fv2%2Fcategories&post=8740"},{"taxonomy":"post_tag","embeddable":true,"href":"https:\/\/haberbesiktas.tr\/index.php?rest_route=%2Fwp%2Fv2%2Ftags&post=8740"}],"curies":[{"name":"wp","href":"https:\/\/api.w.org\/{rel}","templated":true}]}}