{"id":8743,"date":"2025-02-14T06:12:11","date_gmt":"2025-02-14T06:12:11","guid":{"rendered":"https:\/\/haberbesiktas.tr\/?p=8743"},"modified":"2025-02-14T06:12:11","modified_gmt":"2025-02-14T06:12:11","slug":"dortmundda-nuri-sahin-yerine-kovac","status":"publish","type":"post","link":"https:\/\/haberbesiktas.tr\/?p=8743","title":{"rendered":"Dortmund&#8217;da Nuri \u015eahin yerine Kovac"},"content":{"rendered":"<div>Borussia Dortmund, Nuri \u015eahin ile yollar\u0131n\u0131 ay\u0131rmas\u0131n\u0131n akabinde yeni teknik y\u00f6netici i\u00e7in harekete ge\u00e7ti.<\/p>\n<p> Sky&#8217;da yer alan habere nazaran, Dortmund&#8217;da teknik y\u00f6neticilik i\u00e7in \u015fu anda bir numaral\u0131 maksad\u0131n Niko Kovac oldu\u011fu belirtildi.<\/p>\n<p> Dortmund&#8217;un \u015fu anda Kovac ile g\u00f6r\u00fc\u015fmeler y\u00fcr\u00fctt\u00fc\u011f\u00fc ve 53 ya\u015f\u0131ndaki teknik adam\u0131n Borussia Dortmund&#8217;un ba\u015f\u0131na ge\u00e7mek konusunda istekli oldu\u011fu kaydedildi.<\/p>\n<p> Borussia Dortmund&#8217;un Kovac ile d\u00f6nem sonuna kadar muahedeyi planlad\u0131\u011f\u0131 ve H\u0131rvat teknik adam\u0131n mukavelesinde uzatma opsiyonu da yer alaca\u011f\u0131 belirtildi.<\/p>\n<p> Borussia Dortmund&#8217;un Kovac ile yap\u0131lan g\u00f6r\u00fc\u015fmelerde ba\u015far\u0131s\u0131z olunmas\u0131 durumunda \u00f6teki adaylar ile masaya oturaca\u011f\u0131 tabir edildi.<\/p>\n<\/div>\n","protected":false},"excerpt":{"rendered":"<p>Teknik y\u00f6netici Nuri \u015eahin ile yollar\u0131n\u0131 ay\u0131ran Borussia Dortmund, Niko Kovac ile g\u00f6r\u00fc\u015f\u00fcyor.<\/p>\n","protected":false},"author":1,"featured_media":8744,"comment_status":"open","ping_status":"open","sticky":false,"template":"","format":"standard","meta":{"footnotes":""},"categories":[25],"tags":[],"class_list":["post-8743","post","type-post","status-publish","format-standard","has-post-thumbnail","hentry","category-futbol"],"_links":{"self":[{"href":"https:\/\/haberbesiktas.tr\/index.php?rest_route=\/wp\/v2\/posts\/8743","targetHints":{"allow":["GET"]}}],"collection":[{"href":"https:\/\/haberbesiktas.tr\/index.php?rest_route=\/wp\/v2\/posts"}],"about":[{"href":"https:\/\/haberbesiktas.tr\/index.php?rest_route=\/wp\/v2\/types\/post"}],"author":[{"embeddable":true,"href":"https:\/\/haberbesiktas.tr\/index.php?rest_route=\/wp\/v2\/users\/1"}],"replies":[{"embeddable":true,"href":"https:\/\/haberbesiktas.tr\/index.php?rest_route=%2Fwp%2Fv2%2Fcomments&post=8743"}],"version-history":[{"count":1,"href":"https:\/\/haberbesiktas.tr\/index.php?rest_route=\/wp\/v2\/posts\/8743\/revisions"}],"predecessor-version":[{"id":8745,"href":"https:\/\/haberbesiktas.tr\/index.php?rest_route=\/wp\/v2\/posts\/8743\/revisions\/8745"}],"wp:featuredmedia":[{"embeddable":true,"href":"https:\/\/haberbesiktas.tr\/index.php?rest_route=\/wp\/v2\/media\/8744"}],"wp:attachment":[{"href":"https:\/\/haberbesiktas.tr\/index.php?rest_route=%2Fwp%2Fv2%2Fmedia&parent=8743"}],"wp:term":[{"taxonomy":"category","embeddable":true,"href":"https:\/\/haberbesiktas.tr\/index.php?rest_route=%2Fwp%2Fv2%2Fcategories&post=8743"},{"taxonomy":"post_tag","embeddable":true,"href":"https:\/\/haberbesiktas.tr\/index.php?rest_route=%2Fwp%2Fv2%2Ftags&post=8743"}],"curies":[{"name":"wp","href":"https:\/\/api.w.org\/{rel}","templated":true}]}}