{"id":8871,"date":"2025-02-14T15:24:06","date_gmt":"2025-02-14T15:24:06","guid":{"rendered":"https:\/\/haberbesiktas.tr\/?p=8871"},"modified":"2025-02-14T15:24:06","modified_gmt":"2025-02-14T15:24:06","slug":"inter-son-bir-kursunu-olan-sparta-praga-acimadi","status":"publish","type":"post","link":"https:\/\/haberbesiktas.tr\/?p=8871","title":{"rendered":"Inter, son bir kur\u015funu olan Sparta Prag&#8217;a ac\u0131mad\u0131"},"content":{"rendered":"<div>UEFA \u015eampiyonlar Ligi&#8217;nin 7. haftas\u0131nda Inter, deplasmanda Sparta Prag ile kar\u015f\u0131 kar\u015f\u0131ya geldi.<\/p>\n<p> epet ARENA&#8217;da oynanan \u00e7abay\u0131 deplasman tak\u0131m\u0131 1-0 kazand\u0131.<\/p>\n<p> Inter&#8217;e galibiyeti getiren gol\u00fc, 12. dakikada<strong> Lautaro Martinez <\/strong>kaydetti.<\/p>\n<p> Lig evresinde tek ma\u011flubiyetini Bayer Leverkusen kar\u015f\u0131s\u0131nda alan Inter, 5. galibiyetini ald\u0131 ve 16 puana ula\u015farak 4. s\u0131raya yerle\u015fti. Bu sonu\u00e7la birlikte \u0130talyan grubunun birinci 8&#8217;de bitirme ihtimali g\u00fc\u00e7lendi.<\/p>\n<p> Lig evresinde tek galibiyetini Salzburg kar\u015f\u0131s\u0131nda alan Sparta Prag ise \u00fcst \u00fcste 5. yenilgisini ald\u0131 ve 4 puanda kald\u0131. 29. s\u0131rada konumlanan Sparta Prag&#8217;\u0131n, \u015eampiyonlar Ligi&#8217;nden elenmesi kat\u0131la\u015ft\u0131.<\/p>\n<p> <strong>HAKAN \u00c7ALHANO\u011eLU TAKIMDA YOK<\/strong><\/p>\n<p> \u00d6te yandan ulusal futbolcumuz Hakan \u00c7alhano\u011flu, sakatl\u0131\u011f\u0131 nedeniyle Inter&#8217;in ma\u00e7 tak\u0131m\u0131nda yer almad\u0131.<\/p>\n<p> \u015eampiyonlar Ligi&#8217;nde lig basama\u011f\u0131n\u0131n son haftas\u0131nda Inter, Monaco&#8217;yu konuk edecek. Sparta Prag ise Bayer Leverkusen&#8217;e konuk olacak.<\/p>\n<p> \u00a0<\/p>\n<p> \u00a0<\/p>\n<p> \u00a0<\/p>\n<\/div>\n","protected":false},"excerpt":{"rendered":"<p>UEFA \u015eampiyonlar Ligi&#8217;nin 7. haftas\u0131nda Inter, deplasmanda Sparta Prag&#8217;\u0131 1-0 ma\u011flup etti. Bu sonu\u00e7la birlikte Sparta Prag, \u015eampiyonlar Ligi&#8217;nden elendi. Inter ise birinci 8&#8217;de bitirme ihtimalini g\u00fc\u00e7lendirdi.<\/p>\n","protected":false},"author":1,"featured_media":8872,"comment_status":"open","ping_status":"open","sticky":false,"template":"","format":"standard","meta":{"footnotes":""},"categories":[25],"tags":[51],"class_list":["post-8871","post","type-post","status-publish","format-standard","has-post-thumbnail","hentry","category-futbol","tag-lig"],"_links":{"self":[{"href":"https:\/\/haberbesiktas.tr\/index.php?rest_route=\/wp\/v2\/posts\/8871","targetHints":{"allow":["GET"]}}],"collection":[{"href":"https:\/\/haberbesiktas.tr\/index.php?rest_route=\/wp\/v2\/posts"}],"about":[{"href":"https:\/\/haberbesiktas.tr\/index.php?rest_route=\/wp\/v2\/types\/post"}],"author":[{"embeddable":true,"href":"https:\/\/haberbesiktas.tr\/index.php?rest_route=\/wp\/v2\/users\/1"}],"replies":[{"embeddable":true,"href":"https:\/\/haberbesiktas.tr\/index.php?rest_route=%2Fwp%2Fv2%2Fcomments&post=8871"}],"version-history":[{"count":1,"href":"https:\/\/haberbesiktas.tr\/index.php?rest_route=\/wp\/v2\/posts\/8871\/revisions"}],"predecessor-version":[{"id":8873,"href":"https:\/\/haberbesiktas.tr\/index.php?rest_route=\/wp\/v2\/posts\/8871\/revisions\/8873"}],"wp:featuredmedia":[{"embeddable":true,"href":"https:\/\/haberbesiktas.tr\/index.php?rest_route=\/wp\/v2\/media\/8872"}],"wp:attachment":[{"href":"https:\/\/haberbesiktas.tr\/index.php?rest_route=%2Fwp%2Fv2%2Fmedia&parent=8871"}],"wp:term":[{"taxonomy":"category","embeddable":true,"href":"https:\/\/haberbesiktas.tr\/index.php?rest_route=%2Fwp%2Fv2%2Fcategories&post=8871"},{"taxonomy":"post_tag","embeddable":true,"href":"https:\/\/haberbesiktas.tr\/index.php?rest_route=%2Fwp%2Fv2%2Ftags&post=8871"}],"curies":[{"name":"wp","href":"https:\/\/api.w.org\/{rel}","templated":true}]}}