{"id":8874,"date":"2025-02-14T15:36:06","date_gmt":"2025-02-14T15:36:06","guid":{"rendered":"https:\/\/haberbesiktas.tr\/?p=8874"},"modified":"2025-02-14T15:36:06","modified_gmt":"2025-02-14T15:36:06","slug":"celtic-young-boys-karsisinda-hata-yapmadi","status":"publish","type":"post","link":"https:\/\/haberbesiktas.tr\/?p=8874","title":{"rendered":"Celtic, Young Boys kar\u015f\u0131s\u0131nda hata yapmad\u0131"},"content":{"rendered":"<div>UEFA \u015eampiyonlar Ligi&#8217;nin 7. haftas\u0131nda Celtic ile Young Boys kar\u015f\u0131 kar\u015f\u0131ya geldi.<\/p>\n<p> Celtic Park&#8217;ta oynanan ma\u00e7ta Celtic, Young Boys&#8217;u 1-0 yendi.<\/p>\n<p> Ma\u00e7\u0131n tek gol\u00fc 86. dakikada Loris Benito&#8217;nun kendi kalesine att\u0131\u011f\u0131 golle geldi.<\/p>\n<p> Mesken sahibi Celtic, 41. dakikada Arne Engels ile penalt\u0131 vuru\u015fundan yararlanamad\u0131.<\/p>\n<p> <strong>MA\u00c7IN AKAB\u0130NDE OLU\u015eAN DURUM<\/strong><\/p>\n<p> Bu sonu\u00e7la birlikte, Celtic, \u015eampiyonlar Ligi&#8217;nde 12 puan\u0131n\u0131 toplayarak 18. s\u0131rada yer ald\u0131.<\/p>\n<p> \u015eampiyonlar Ligi&#8217;nde \u00fcst \u00e7e\u015fide y\u00fckselme baht\u0131 kalmayan Young Boys ise \u015fimdi puanla tan\u0131\u015famad\u0131 ve son s\u0131rada yer ald\u0131.<\/p>\n<\/div>\n","protected":false},"excerpt":{"rendered":"<p>UEFA \u015eampiyonlar Ligi&#8217;nin 7. haftas\u0131nda Celtic, Young Boys&#8217;u 1-0&#8217;l\u0131k skorla ma\u011flup etti.<\/p>\n","protected":false},"author":1,"featured_media":8875,"comment_status":"open","ping_status":"open","sticky":false,"template":"","format":"standard","meta":{"footnotes":""},"categories":[25],"tags":[1082],"class_list":["post-8874","post","type-post","status-publish","format-standard","has-post-thumbnail","hentry","category-futbol","tag-celtic"],"_links":{"self":[{"href":"https:\/\/haberbesiktas.tr\/index.php?rest_route=\/wp\/v2\/posts\/8874","targetHints":{"allow":["GET"]}}],"collection":[{"href":"https:\/\/haberbesiktas.tr\/index.php?rest_route=\/wp\/v2\/posts"}],"about":[{"href":"https:\/\/haberbesiktas.tr\/index.php?rest_route=\/wp\/v2\/types\/post"}],"author":[{"embeddable":true,"href":"https:\/\/haberbesiktas.tr\/index.php?rest_route=\/wp\/v2\/users\/1"}],"replies":[{"embeddable":true,"href":"https:\/\/haberbesiktas.tr\/index.php?rest_route=%2Fwp%2Fv2%2Fcomments&post=8874"}],"version-history":[{"count":1,"href":"https:\/\/haberbesiktas.tr\/index.php?rest_route=\/wp\/v2\/posts\/8874\/revisions"}],"predecessor-version":[{"id":8876,"href":"https:\/\/haberbesiktas.tr\/index.php?rest_route=\/wp\/v2\/posts\/8874\/revisions\/8876"}],"wp:featuredmedia":[{"embeddable":true,"href":"https:\/\/haberbesiktas.tr\/index.php?rest_route=\/wp\/v2\/media\/8875"}],"wp:attachment":[{"href":"https:\/\/haberbesiktas.tr\/index.php?rest_route=%2Fwp%2Fv2%2Fmedia&parent=8874"}],"wp:term":[{"taxonomy":"category","embeddable":true,"href":"https:\/\/haberbesiktas.tr\/index.php?rest_route=%2Fwp%2Fv2%2Fcategories&post=8874"},{"taxonomy":"post_tag","embeddable":true,"href":"https:\/\/haberbesiktas.tr\/index.php?rest_route=%2Fwp%2Fv2%2Ftags&post=8874"}],"curies":[{"name":"wp","href":"https:\/\/api.w.org\/{rel}","templated":true}]}}