{"id":8908,"date":"2025-02-14T17:36:07","date_gmt":"2025-02-14T17:36:07","guid":{"rendered":"https:\/\/haberbesiktas.tr\/?p=8908"},"modified":"2025-02-14T17:36:07","modified_gmt":"2025-02-14T17:36:07","slug":"musleradan-buyuk-tepki-ben-artik-yokum","status":"publish","type":"post","link":"https:\/\/haberbesiktas.tr\/?p=8908","title":{"rendered":"Muslera&#8217;dan b\u00fcy\u00fck tepki: &#8220;Ben art\u0131k yokum&#8221;"},"content":{"rendered":"<div>Galatasaray&#8217;da 3-3 biten Dinamo Kiev ma\u00e7\u0131nda performans\u0131 nedeniyle taraftar\u0131n yans\u0131s\u0131n\u0131 alan Kaptan Fernando Muslera, d\u00f6nem sonunda kesin olarak veda etme karar\u0131 ald\u0131. M\u00fcsabakan\u0131n sonras\u0131nda, kendisine yap\u0131lan \u0131sl\u0131kl\u0131 protestolara \u00e7ok sonlanan Uruguayl\u0131 kaleci, direkt soyunma odas\u0131na giderken, Teknik Y\u00f6netici Okan Buruk&#8217;a, eliyle &#8220;Bitti&#8221; i\u015fareti yapm\u0131\u015ft\u0131.<\/p>\n<p> Dinamo Kiev ma\u00e7\u0131 sonras\u0131 \u00e7ok \u00fczg\u00fcn oldu\u011fu belirtilen deneyimli eldivenin, ekip arkada\u015flar\u0131n\u0131n kendisini sakinle\u015ftirmeye \u00e7al\u0131\u015fmas\u0131na ra\u011fmen g\u00f6zlerinin doldu\u011fu, &#8220;Bunu hak etmiyorum. \u00c7ok \u00fczg\u00fcn\u00fcm fakat sorumlu bensem giderim. 14 y\u0131ld\u0131r burada daima elimden geleni yapt\u0131m ve 2-3 ma\u00e7la bunun \u00fczeri \u00e7iziliyorsa ben de art\u0131k yokum&#8221; dedi\u011fi \u00f6\u011frenildi.<\/p>\n<p> <strong>OKAN BURUK: &#8220;SEN KUL\u00dcB\u00dcN EFSANES\u0130S\u0130N&#8221;<\/strong><\/p>\n<p> Okan Buruk ve y\u00f6neticilerin ise Uruguayl\u0131 eldivenle g\u00f6r\u00fc\u015ferek, &#8220;Sen bu kul\u00fcb\u00fcn bir efsanesisin. Futbolda vakit zaman bu t\u00fcrl\u00fc periyotlar olur lakin sana takviye olanlar\u0131n say\u0131s\u0131 her vakit daha fazla. Bizim i\u00e7in bu sene de\u011ferli gayeler var ve senden asla vazge\u00e7meyiz&#8221; dedikleri belirtildi. Galatasaray&#8217;da bu sezon ligde 19 ma\u00e7ta 22 gol kalesinde g\u00f6ren Muslera, UEFA Avrupa Ligi&#8217;nde ise 4 ma\u00e7ta 8 gol yiyerek ma\u00e7 ba\u015f\u0131na 2 gol ortalamas\u0131 tutturdu. Uruguayl\u0131 file bek\u00e7isi, \u015eampiyonlar Ligi Play-Off ma\u00e7lar\u0131nda ise Young Boys&#8217;tan 3 gol yemi\u015f ve ikinci ma\u00e7ta da k\u0131rm\u0131z\u0131 kart g\u00f6rm\u00fc\u015ft\u00fc. Deneyimli kaleci, Be\u015fikta\u015f ile yap\u0131lan Harika Kupa m\u00fcsabakas\u0131nda ise kalesinde 5 gol g\u00f6rd\u00fc.<\/p>\n<p> Galatasaray&#8217;da 428 S\u00fcper Lig ma\u00e7\u0131na \u00e7\u0131karak B\u00fclent Korkmaz&#8217;\u0131n rekoruna ula\u015fan Fernando Muslera, toplamda 534 resmi m\u00fcsabakada sar\u0131-k\u0131rm\u0131z\u0131l\u0131 formay\u0131 giydi.\u00a0<\/p>\n<div>\u00a0<\/div>\n<\/div>\n","protected":false},"excerpt":{"rendered":"<p>Galatasaray taraftar\u0131n\u0131n Dinamo Kiev ma\u00e7\u0131nda Muslera&#8217;ya g\u00f6sterdi\u011fi reaksiyon, Uruguayl\u0131 file bek\u00e7isini \u00e7ok k\u0131rd\u0131. Cim-Bom&#8217;un kaptan\u0131n\u0131n, &#8220;Bunu hak etmiyorum. 14 y\u0131ld\u0131r burada daima elimden geleni yapt\u0131m ve 2-3 ma\u00e7la bunun \u00fczeri \u00e7iziliyorsa ben de art\u0131k yokum&#8221; dedi\u011fi \u00f6\u011frenildi.<\/p>\n","protected":false},"author":1,"featured_media":8909,"comment_status":"open","ping_status":"open","sticky":false,"template":"","format":"standard","meta":{"footnotes":""},"categories":[25],"tags":[77,50],"class_list":["post-8908","post","type-post","status-publish","format-standard","has-post-thumbnail","hentry","category-futbol","tag-gol","tag-mac"],"_links":{"self":[{"href":"https:\/\/haberbesiktas.tr\/index.php?rest_route=\/wp\/v2\/posts\/8908","targetHints":{"allow":["GET"]}}],"collection":[{"href":"https:\/\/haberbesiktas.tr\/index.php?rest_route=\/wp\/v2\/posts"}],"about":[{"href":"https:\/\/haberbesiktas.tr\/index.php?rest_route=\/wp\/v2\/types\/post"}],"author":[{"embeddable":true,"href":"https:\/\/haberbesiktas.tr\/index.php?rest_route=\/wp\/v2\/users\/1"}],"replies":[{"embeddable":true,"href":"https:\/\/haberbesiktas.tr\/index.php?rest_route=%2Fwp%2Fv2%2Fcomments&post=8908"}],"version-history":[{"count":1,"href":"https:\/\/haberbesiktas.tr\/index.php?rest_route=\/wp\/v2\/posts\/8908\/revisions"}],"predecessor-version":[{"id":8910,"href":"https:\/\/haberbesiktas.tr\/index.php?rest_route=\/wp\/v2\/posts\/8908\/revisions\/8910"}],"wp:featuredmedia":[{"embeddable":true,"href":"https:\/\/haberbesiktas.tr\/index.php?rest_route=\/wp\/v2\/media\/8909"}],"wp:attachment":[{"href":"https:\/\/haberbesiktas.tr\/index.php?rest_route=%2Fwp%2Fv2%2Fmedia&parent=8908"}],"wp:term":[{"taxonomy":"category","embeddable":true,"href":"https:\/\/haberbesiktas.tr\/index.php?rest_route=%2Fwp%2Fv2%2Fcategories&post=8908"},{"taxonomy":"post_tag","embeddable":true,"href":"https:\/\/haberbesiktas.tr\/index.php?rest_route=%2Fwp%2Fv2%2Ftags&post=8908"}],"curies":[{"name":"wp","href":"https:\/\/api.w.org\/{rel}","templated":true}]}}