{"id":9043,"date":"2025-02-15T06:36:05","date_gmt":"2025-02-15T06:36:05","guid":{"rendered":"https:\/\/haberbesiktas.tr\/?p=9043"},"modified":"2025-02-15T06:36:05","modified_gmt":"2025-02-15T06:36:05","slug":"altinorduda-ersan-parlatan-imzaladi","status":"publish","type":"post","link":"https:\/\/haberbesiktas.tr\/?p=9043","title":{"rendered":"Alt\u0131nordu&#8217;da Ersan Parlatan imzalad\u0131"},"content":{"rendered":"<div>2. Lig Beyaz K\u00fcme tak\u0131mlar\u0131ndan Alt\u0131nordu&#8217;da Olcay \u015eahan&#8217;\u0131n yerine muahedeye var\u0131lan teknik y\u00f6netici Ersan Parlatan, 1,5 y\u0131ll\u0131k resmi mukavele imzalad\u0131. Torbal\u0131 Metin Oktay Yerle\u015fkesi&#8217;nde ger\u00e7ekle\u015ftirilen imza merasimine Lider Seyit Mehmet \u00d6zkan ve Sportif Y\u00f6netici Murat Korkmaz kat\u0131ld\u0131. Yard\u0131mc\u0131 antren\u00f6r\u00fc olarak Nadir Tra\u015f ve kaleci antren\u00f6r\u00fc olarak Murat \u0130smet Erde\u011fer ile \u00e7al\u0131\u015facak Ersan Parlatan, &#8220;\u00c7ok ho\u015f bir topluluk ve kul\u00fcple anla\u015fm\u0131\u015f bulunmaktay\u0131m. M\u00fckemmel bir tesis var. D\u00f6nem ba\u015f\u0131ndan beri Alt\u0131nordu ve ligi takip ediyorum. Hem T\u00fcrkiye&#8217;de, hem de Almanya&#8217;da \u00e7al\u0131\u015ft\u0131m. Her iki k\u00fclt\u00fcr\u00fc de biliyorum&#8221; dedi.<\/p>\n<p> B\u00fcy\u00fck kelamlar s\u00f6ylemek istemedi\u011fini lisana getiren deneyimli teknik adam, &#8220;Lig yar\u0131\u015f\u0131n\u0131n i\u00e7indeyiz. B\u00fcy\u00fck kelamlar s\u00f6ylemek hakikat de\u011fil. Biz evvel kadrosu ve oyuncular\u0131 tan\u0131mak istiyoruz. \u00c7ok \u00e7al\u0131\u015farak oyuncularla irtibat halinde olarak yeterli yolda ve hakikat bir halde ilerlemek istiyoruz. Gayeye ula\u015fmay\u0131 istemem pek ola\u011fan. Ba\u015far\u0131l\u0131 olaca\u011f\u0131m\u0131za inan\u0131yorum. Birinci etapta arg\u00fcmanl\u0131 konu\u015fmak ger\u00e7ek de\u011fil. Bunlar\u0131 biraz vakte b\u0131rakarak g\u00f6rmek laz\u0131m. Alt\u0131nordu&#8217;da uzun vadeli \u00e7al\u0131\u015f\u0131p grubu \u00fcst d\u00fczeylere \u00e7\u0131karmak istiyoruz. Bu ekibin yeri asla 2&#8217;nci Lig de\u011fil. Hedefledi\u011fimiz 1&#8217;inci Lig&#8217;e en k\u0131sa m\u00fcddette y\u00fckselmek istiyoruz&#8221; diye konu\u015ftu.<\/p>\n<p> <strong>SEY\u0130T MEHMET \u00d6ZKAN: \u0130K\u0130NC\u0130 H\u00dcSEY\u0130N ERO\u011eLU&#8217;NU ARIYORUM<\/strong><\/p>\n<p> Alt\u0131nordu Ba\u015fkan\u0131 Seyit Mehmet \u00d6zkan, yeni teknik y\u00f6neticileri Ersan Parlatan&#8217;\u0131 uzun m\u00fcddettir takip ettiklerini belirterek, &#8220;Bizim kesinlikle 1&#8217;inci Lig&#8217;e \u00e7\u0131kmam\u0131z gerekiyor. 2&#8217;nci Lig g\u00f6z \u00f6n\u00fcnde de\u011fil. Gen\u00e7 oyuncular\u0131m\u0131z\u0131 vitrine ve g\u00f6r\u00fcc\u00fcye \u00e7\u0131karmak istiyorsak kesinlikle 1&#8217;inci Lig&#8217;e y\u00fckselmeliyiz. H\u00fcseyin Ero\u011flu ile 10 y\u0131ll\u0131k yakalad\u0131\u011f\u0131m\u0131z d\u00f6nemi daha \u00fcste ta\u015f\u0131mak istiyoruz. Muhte\u015fem Lig&#8217;e \u00e7\u0131k\u0131p Athletic Bilbao \u00fczere bir yap\u0131da olmam\u0131z laz\u0131m. Buradan a\u00e7\u0131k\u00e7a s\u00f6yl\u00fcyorum ben ikinci H\u00fcseyin Ero\u011flu&#8217;nu ar\u0131yorum. Bu nedenle Ersan Parlatan hocam\u0131z ile uzun y\u0131llar bir arada \u00e7al\u0131\u015fmak istiyoruz&#8221; dedi. Lider \u00d6zkan \u015f\u00f6yle devam etti: &#8220;Avrupa&#8217;da bile bir \u00e7ok grupta olmayan bir yerle\u015fkenin i\u00e7indeyiz. Maalesef bu yerle\u015fkenin hakk\u0131n\u0131 veremiyoruz. Bu yerle\u015fkenin hakk\u0131 S\u00fcper Lig&#8217;de \u00e7aba etmek ve Avrupa kadrolar\u0131 ile kora kor u\u011fra\u015f etmektir. \u015eu anda \u015fampiyonlu\u011fun payda\u015f\u0131y\u0131z. Gayret etti\u011fimiz t\u00fcm gruplar bizim karde\u015fimizdir.&#8221;<\/p>\n<\/div>\n","protected":false},"excerpt":{"rendered":"<p>Alt\u0131nordu&#8217;da Olcay \u015eahan&#8217;\u0131n yerine mutabakata var\u0131lan teknik y\u00f6netici Ersan Parlatan, 1,5 y\u0131ll\u0131k resmi mukavele imzalad\u0131.<\/p>\n","protected":false},"author":1,"featured_media":9044,"comment_status":"open","ping_status":"open","sticky":false,"template":"","format":"standard","meta":{"footnotes":""},"categories":[25],"tags":[51],"class_list":["post-9043","post","type-post","status-publish","format-standard","has-post-thumbnail","hentry","category-futbol","tag-lig"],"_links":{"self":[{"href":"https:\/\/haberbesiktas.tr\/index.php?rest_route=\/wp\/v2\/posts\/9043","targetHints":{"allow":["GET"]}}],"collection":[{"href":"https:\/\/haberbesiktas.tr\/index.php?rest_route=\/wp\/v2\/posts"}],"about":[{"href":"https:\/\/haberbesiktas.tr\/index.php?rest_route=\/wp\/v2\/types\/post"}],"author":[{"embeddable":true,"href":"https:\/\/haberbesiktas.tr\/index.php?rest_route=\/wp\/v2\/users\/1"}],"replies":[{"embeddable":true,"href":"https:\/\/haberbesiktas.tr\/index.php?rest_route=%2Fwp%2Fv2%2Fcomments&post=9043"}],"version-history":[{"count":1,"href":"https:\/\/haberbesiktas.tr\/index.php?rest_route=\/wp\/v2\/posts\/9043\/revisions"}],"predecessor-version":[{"id":9045,"href":"https:\/\/haberbesiktas.tr\/index.php?rest_route=\/wp\/v2\/posts\/9043\/revisions\/9045"}],"wp:featuredmedia":[{"embeddable":true,"href":"https:\/\/haberbesiktas.tr\/index.php?rest_route=\/wp\/v2\/media\/9044"}],"wp:attachment":[{"href":"https:\/\/haberbesiktas.tr\/index.php?rest_route=%2Fwp%2Fv2%2Fmedia&parent=9043"}],"wp:term":[{"taxonomy":"category","embeddable":true,"href":"https:\/\/haberbesiktas.tr\/index.php?rest_route=%2Fwp%2Fv2%2Fcategories&post=9043"},{"taxonomy":"post_tag","embeddable":true,"href":"https:\/\/haberbesiktas.tr\/index.php?rest_route=%2Fwp%2Fv2%2Ftags&post=9043"}],"curies":[{"name":"wp","href":"https:\/\/api.w.org\/{rel}","templated":true}]}}