{"id":9049,"date":"2025-02-15T07:00:07","date_gmt":"2025-02-15T07:00:07","guid":{"rendered":"https:\/\/haberbesiktas.tr\/?p=9049"},"modified":"2025-02-15T07:00:07","modified_gmt":"2025-02-15T07:00:07","slug":"galatasaraydan-kombine-biletlerine-iliskin-aciklama","status":"publish","type":"post","link":"https:\/\/haberbesiktas.tr\/?p=9049","title":{"rendered":"Galatasaray&#8217;dan kombine biletlerine ili\u015fkin a\u00e7\u0131klama"},"content":{"rendered":"<div>Galatasaray, kombine sahibi taraftarlar i\u00e7in resmi hesab\u0131ndan a\u00e7\u0131klama yapt\u0131.<\/p>\n<p>Galatasaray&#8217;\u0131n a\u00e7\u0131klamas\u0131 \u015f\u00f6yle:\u00a0<span>&#8220;2024-2025 d\u00f6nemi kombine sahibi taraftarlar\u0131m\u0131z i\u00e7in kombine evre say\u0131s\u0131 3&#8217;ten 4&#8217;e \u00e7\u0131kart\u0131lm\u0131\u015ft\u0131r.&#8221;<\/span><\/div>\n","protected":false},"excerpt":{"rendered":"<p>Galatasaray, kombine sahibi taraftarlar i\u00e7in resmi hesab\u0131ndan a\u00e7\u0131klama yapt\u0131.<\/p>\n","protected":false},"author":1,"featured_media":9050,"comment_status":"open","ping_status":"open","sticky":false,"template":"","format":"standard","meta":{"footnotes":""},"categories":[25],"tags":[],"class_list":["post-9049","post","type-post","status-publish","format-standard","has-post-thumbnail","hentry","category-futbol"],"_links":{"self":[{"href":"https:\/\/haberbesiktas.tr\/index.php?rest_route=\/wp\/v2\/posts\/9049","targetHints":{"allow":["GET"]}}],"collection":[{"href":"https:\/\/haberbesiktas.tr\/index.php?rest_route=\/wp\/v2\/posts"}],"about":[{"href":"https:\/\/haberbesiktas.tr\/index.php?rest_route=\/wp\/v2\/types\/post"}],"author":[{"embeddable":true,"href":"https:\/\/haberbesiktas.tr\/index.php?rest_route=\/wp\/v2\/users\/1"}],"replies":[{"embeddable":true,"href":"https:\/\/haberbesiktas.tr\/index.php?rest_route=%2Fwp%2Fv2%2Fcomments&post=9049"}],"version-history":[{"count":1,"href":"https:\/\/haberbesiktas.tr\/index.php?rest_route=\/wp\/v2\/posts\/9049\/revisions"}],"predecessor-version":[{"id":9051,"href":"https:\/\/haberbesiktas.tr\/index.php?rest_route=\/wp\/v2\/posts\/9049\/revisions\/9051"}],"wp:featuredmedia":[{"embeddable":true,"href":"https:\/\/haberbesiktas.tr\/index.php?rest_route=\/wp\/v2\/media\/9050"}],"wp:attachment":[{"href":"https:\/\/haberbesiktas.tr\/index.php?rest_route=%2Fwp%2Fv2%2Fmedia&parent=9049"}],"wp:term":[{"taxonomy":"category","embeddable":true,"href":"https:\/\/haberbesiktas.tr\/index.php?rest_route=%2Fwp%2Fv2%2Fcategories&post=9049"},{"taxonomy":"post_tag","embeddable":true,"href":"https:\/\/haberbesiktas.tr\/index.php?rest_route=%2Fwp%2Fv2%2Ftags&post=9049"}],"curies":[{"name":"wp","href":"https:\/\/api.w.org\/{rel}","templated":true}]}}