{"id":9055,"date":"2025-02-15T07:24:06","date_gmt":"2025-02-15T07:24:06","guid":{"rendered":"https:\/\/haberbesiktas.tr\/?p=9055"},"modified":"2025-02-15T07:24:06","modified_gmt":"2025-02-15T07:24:06","slug":"7-balkan-open-2025-golf-sampiyonasi-antalyada-basladi-2","status":"publish","type":"post","link":"https:\/\/haberbesiktas.tr\/?p=9055","title":{"rendered":"7. Balkan Open 2025 Golf \u015eampiyonas\u0131 Antalya&#8217;da ba\u015flad\u0131"},"content":{"rendered":"<p><span><span>Antalya&#8217;da Golf-Mad taraf\u0131ndan d\u00fczenlenen 7. Balkan Open 2025 Golf \u015eampiyonas\u0131, ba\u015flad\u0131.\u00a0<\/span><\/span> Belek Turizm Merkezi&#8217;nde Antalya Golf Kul\u00fcb\u00fc alanlar\u0131nda ger\u00e7ekle\u015ftirilen \u015fampiyonaya Bosna Hersek, S\u0131rbistan, H\u0131rvatistan, Kosova, Karada\u011f, Slovakya, ABD, Almanya, \u0130svi\u00e7re olmak \u00fczere 9 \u00fclkeden 74 profesyonel ve amat\u00f6r golc\u00fc kat\u0131l\u0131yor.<\/p>\n<p> Erkekler ve bayanlarda 5&#8217;er kategoride yap\u0131lacak turnuvada atletler 3 g\u00fcn boyunca 54 \u00e7ukurda \u015fampiyon olmak i\u00e7in u\u011fra\u015f edecek.<\/p>\n<p> Golf-Mad Y\u00f6netim Kurulu Lideri Bekir Kara, gazetecilere, \u015fampiyonada Balkan \u00fclkelerinin b\u00fcy\u00fck bir k\u0131sm\u0131n\u0131n kat\u0131ld\u0131\u011f\u0131n\u0131 s\u00f6yledi.<\/p>\n<p> \u015eampiyonan\u0131n art\u0131k klasik hale geldi\u011fini aktaran Kara, gelecek y\u0131l da ocakta Antalya&#8217;da d\u00fczenlenece\u011fini bildirdi.<\/p>\n<p> \u015eampiyona 25 Ocak Cumartesi g\u00fcn\u00fc d\u00fczenlenecek \u00f6d\u00fcl merasimi ile sona erecek.<\/p>\n","protected":false},"excerpt":{"rendered":"<p>Antalya&#8217;da Golf-Mad taraf\u0131ndan d\u00fczenlenen 7. Balkan Open 2025 Golf \u015eampiyonas\u0131, ba\u015flad\u0131.<\/p>\n","protected":false},"author":1,"featured_media":9056,"comment_status":"open","ping_status":"open","sticky":false,"template":"","format":"standard","meta":{"footnotes":""},"categories":[27],"tags":[91],"class_list":["post-9055","post","type-post","status-publish","format-standard","has-post-thumbnail","hentry","category-guncel-haberler","tag-sampiyon"],"_links":{"self":[{"href":"https:\/\/haberbesiktas.tr\/index.php?rest_route=\/wp\/v2\/posts\/9055","targetHints":{"allow":["GET"]}}],"collection":[{"href":"https:\/\/haberbesiktas.tr\/index.php?rest_route=\/wp\/v2\/posts"}],"about":[{"href":"https:\/\/haberbesiktas.tr\/index.php?rest_route=\/wp\/v2\/types\/post"}],"author":[{"embeddable":true,"href":"https:\/\/haberbesiktas.tr\/index.php?rest_route=\/wp\/v2\/users\/1"}],"replies":[{"embeddable":true,"href":"https:\/\/haberbesiktas.tr\/index.php?rest_route=%2Fwp%2Fv2%2Fcomments&post=9055"}],"version-history":[{"count":1,"href":"https:\/\/haberbesiktas.tr\/index.php?rest_route=\/wp\/v2\/posts\/9055\/revisions"}],"predecessor-version":[{"id":9057,"href":"https:\/\/haberbesiktas.tr\/index.php?rest_route=\/wp\/v2\/posts\/9055\/revisions\/9057"}],"wp:featuredmedia":[{"embeddable":true,"href":"https:\/\/haberbesiktas.tr\/index.php?rest_route=\/wp\/v2\/media\/9056"}],"wp:attachment":[{"href":"https:\/\/haberbesiktas.tr\/index.php?rest_route=%2Fwp%2Fv2%2Fmedia&parent=9055"}],"wp:term":[{"taxonomy":"category","embeddable":true,"href":"https:\/\/haberbesiktas.tr\/index.php?rest_route=%2Fwp%2Fv2%2Fcategories&post=9055"},{"taxonomy":"post_tag","embeddable":true,"href":"https:\/\/haberbesiktas.tr\/index.php?rest_route=%2Fwp%2Fv2%2Ftags&post=9055"}],"curies":[{"name":"wp","href":"https:\/\/api.w.org\/{rel}","templated":true}]}}