{"id":9064,"date":"2025-02-15T08:00:05","date_gmt":"2025-02-15T08:00:05","guid":{"rendered":"https:\/\/haberbesiktas.tr\/?p=9064"},"modified":"2025-02-15T08:00:05","modified_gmt":"2025-02-15T08:00:05","slug":"durant-nets-donemi-icin-islev-bozuklugu-vardi","status":"publish","type":"post","link":"https:\/\/haberbesiktas.tr\/?p=9064","title":{"rendered":"Durant, Nets d\u00f6nemi i\u00e7in: &#8220;\u0130\u015flev bozuklu\u011fu vard\u0131&#8221;"},"content":{"rendered":"<div>Phoenix Suns y\u0131ld\u0131z\u0131 Kevin Durant, Kyrie Irving ve James Harden ile ge\u00e7irdi\u011fi Brooklyn Nets mesle\u011finin &#8220;i\u015flevsizli\u011fi&#8221; hakk\u0131nda kan\u0131lar\u0131n\u0131 lisana getirdi.<\/p>\n<p> Nets, 2019&#8217;un \u00f6zg\u00fcr oyuncu devrinde kendisi ve Irving&#8217;i bir ortaya getirdikten sonra Ocak 2021&#8217;de ise takas yoluyla Harden&#8217;\u0131 dahil ederek grupta bir s\u00fcperstar \u00fc\u00e7l\u00fcs\u00fc olu\u015fturmu\u015f olsa da, i\u015fler planland\u0131\u011f\u0131 \u00fczere gitmemi\u015fti.<\/p>\n<p> 2019-2023 y\u0131llar\u0131 ortas\u0131nda Brooklyn&#8217;de ge\u00e7irdi\u011fi vakitle ilgili sorulan soruya cevap olarak Durant, kadronun ya\u015fad\u0131\u011f\u0131 &#8220;i\u015flev bozuklu\u011funa&#8221; at\u0131fta bulunsa da, taraftarlar\u0131n gruba verdi\u011fi takviyeye h\u00fcrmet duydu\u011funu s\u00f6yledi:<\/p>\n<p> <strong>&#8220;Daha d\u00fczg\u00fcn bir terim bulamad\u0131\u011f\u0131m i\u00e7in buna fonksiyon bozuklu\u011fu diyebiliriz san\u0131r\u0131m. Lakin buna kar\u015f\u0131n, trib\u00fcnlerdeki bir\u00e7ok ki\u015fi tekrar de basketbol oyunu ve Nets i\u00e7in dayana\u011f\u0131n\u0131 g\u00f6sterdi ve her vakit y\u00fcksek sesle tezah\u00fcrat etti. Benim i\u00e7in en \u00f6ne \u00e7\u0131kan \u015fey buydu.&#8221;<\/strong><\/p>\n<p> Birlikte sadece 16 ma\u00e7 forma giyebilen \u00fc\u00e7l\u00fc, misyon m\u00fchletleri boyunca \u00e7o\u011funlukla sakatl\u0131klar\u0131n kurban\u0131 olmu\u015ftu. Irving, New York&#8217;taki COVID-19 a\u015f\u0131s\u0131 zarurili\u011fi s\u0131ras\u0131nda bu a\u015f\u0131y\u0131 olmay\u0131 reddetmesiyle, 2021-22 d\u00f6neminin b\u00fcy\u00fck bir k\u0131sm\u0131n\u0131 ka\u00e7\u0131rm\u0131\u015ft\u0131.<\/p>\n<p> Ocak 2022&#8217;de kadronun 36. ma\u00e7\u0131na geri d\u00f6nm\u00fc\u015f olsa da, Harden bir takas talebinde bulunmu\u015f ve bir ay kadar sonra Philadelphia 76ers&#8217;a gitmi\u015fti.<\/p>\n<\/div>\n","protected":false},"excerpt":{"rendered":"<p>Phoenix Suns y\u0131ld\u0131z\u0131 Kevin Durant, Kyrie Irving ve James Harden ile ge\u00e7irdi\u011fi Brooklyn Nets mesle\u011finin &#8220;i\u015flevsizli\u011fi&#8221; hakk\u0131nda niyetlerini lisana getirdi.<\/p>\n","protected":false},"author":1,"featured_media":9065,"comment_status":"open","ping_status":"open","sticky":false,"template":"","format":"standard","meta":{"footnotes":""},"categories":[10],"tags":[],"class_list":["post-9064","post","type-post","status-publish","format-standard","has-post-thumbnail","hentry","category-basketbol"],"_links":{"self":[{"href":"https:\/\/haberbesiktas.tr\/index.php?rest_route=\/wp\/v2\/posts\/9064","targetHints":{"allow":["GET"]}}],"collection":[{"href":"https:\/\/haberbesiktas.tr\/index.php?rest_route=\/wp\/v2\/posts"}],"about":[{"href":"https:\/\/haberbesiktas.tr\/index.php?rest_route=\/wp\/v2\/types\/post"}],"author":[{"embeddable":true,"href":"https:\/\/haberbesiktas.tr\/index.php?rest_route=\/wp\/v2\/users\/1"}],"replies":[{"embeddable":true,"href":"https:\/\/haberbesiktas.tr\/index.php?rest_route=%2Fwp%2Fv2%2Fcomments&post=9064"}],"version-history":[{"count":1,"href":"https:\/\/haberbesiktas.tr\/index.php?rest_route=\/wp\/v2\/posts\/9064\/revisions"}],"predecessor-version":[{"id":9066,"href":"https:\/\/haberbesiktas.tr\/index.php?rest_route=\/wp\/v2\/posts\/9064\/revisions\/9066"}],"wp:featuredmedia":[{"embeddable":true,"href":"https:\/\/haberbesiktas.tr\/index.php?rest_route=\/wp\/v2\/media\/9065"}],"wp:attachment":[{"href":"https:\/\/haberbesiktas.tr\/index.php?rest_route=%2Fwp%2Fv2%2Fmedia&parent=9064"}],"wp:term":[{"taxonomy":"category","embeddable":true,"href":"https:\/\/haberbesiktas.tr\/index.php?rest_route=%2Fwp%2Fv2%2Fcategories&post=9064"},{"taxonomy":"post_tag","embeddable":true,"href":"https:\/\/haberbesiktas.tr\/index.php?rest_route=%2Fwp%2Fv2%2Ftags&post=9064"}],"curies":[{"name":"wp","href":"https:\/\/api.w.org\/{rel}","templated":true}]}}