{"id":9082,"date":"2025-02-15T09:24:06","date_gmt":"2025-02-15T09:24:06","guid":{"rendered":"https:\/\/haberbesiktas.tr\/?p=9082"},"modified":"2025-02-15T09:24:06","modified_gmt":"2025-02-15T09:24:06","slug":"milli-atici-bugra-selimzade-hn-kupasinda-gumus-madalya-aldi","status":"publish","type":"post","link":"https:\/\/haberbesiktas.tr\/?p=9082","title":{"rendered":"Milli at\u0131c\u0131 Bu\u011fra Selimzade, H&#038;N Kupas\u0131&#8217;nda g\u00fcm\u00fc\u015f madalya ald\u0131"},"content":{"rendered":"<p><span><span>Milli at\u0131c\u0131 Bu\u011fra Selimzade, Almanya&#8217;da devam eden H&#038;N Kupas\u0131&#8217;nda g\u00fcm\u00fc\u015f madalya kazand\u0131.\u00a0<\/span><\/span> M\u00fcnih kentindeki tertipte 10 metre haval\u0131 tabanca erkekler kategorisinde yap\u0131lan ikinci yar\u0131\u015fta, elemelerde 589 puanla birinci s\u0131ray\u0131 elde eden Yusuf Dike\u00e7 ile 580 puanla 8. s\u0131ray\u0131 alan Bu\u011fra Selimzade finale y\u00fckseldi.<\/p>\n<p> Bu\u011fra Selimzade, finalde 244,7 puanla ikinci olarak g\u00fcm\u00fc\u015f madalya ald\u0131.<\/p>\n<p> Tertipte d\u00fcn yap\u0131lan birinci m\u00fcsabakada g\u00fcm\u00fc\u015f madalya kazanan Yusuf Dike\u00e7, ikinci g\u00fcn final kar\u015f\u0131la\u015fmas\u0131n\u0131 200,9 puanla 4. s\u0131rada tamamlad\u0131.<\/p>\n<p> <strong>\u015eevval \u0130layda Tarhan 6. oldu<\/strong><\/p>\n<p> T\u00fcrkiye&#8217;yi 10 metre haval\u0131 tabanca bayanlar kategorisinde temsil eden ulusal sportmen \u015eevval \u0130layda Tarhan, elemelerde att\u0131\u011f\u0131 577 puanla finale y\u00fckseldi.<\/p>\n<p> Ulusal at\u0131c\u0131, final kar\u015f\u0131la\u015fmas\u0131n\u0131 ise 154,3 puanla 6. s\u0131rada bitirdi.<\/p>\n","protected":false},"excerpt":{"rendered":"<p>Ulusal at\u0131c\u0131 Bu\u011fra Selimzade, Almanya&#8217;da devam eden H&#038;N Kupas\u0131&#8217;nda g\u00fcm\u00fc\u015f madalya kazand\u0131.<\/p>\n","protected":false},"author":1,"featured_media":9083,"comment_status":"open","ping_status":"open","sticky":false,"template":"","format":"standard","meta":{"footnotes":""},"categories":[27],"tags":[235,1096],"class_list":["post-9082","post","type-post","status-publish","format-standard","has-post-thumbnail","hentry","category-guncel-haberler","tag-final","tag-puanla"],"_links":{"self":[{"href":"https:\/\/haberbesiktas.tr\/index.php?rest_route=\/wp\/v2\/posts\/9082","targetHints":{"allow":["GET"]}}],"collection":[{"href":"https:\/\/haberbesiktas.tr\/index.php?rest_route=\/wp\/v2\/posts"}],"about":[{"href":"https:\/\/haberbesiktas.tr\/index.php?rest_route=\/wp\/v2\/types\/post"}],"author":[{"embeddable":true,"href":"https:\/\/haberbesiktas.tr\/index.php?rest_route=\/wp\/v2\/users\/1"}],"replies":[{"embeddable":true,"href":"https:\/\/haberbesiktas.tr\/index.php?rest_route=%2Fwp%2Fv2%2Fcomments&post=9082"}],"version-history":[{"count":1,"href":"https:\/\/haberbesiktas.tr\/index.php?rest_route=\/wp\/v2\/posts\/9082\/revisions"}],"predecessor-version":[{"id":9084,"href":"https:\/\/haberbesiktas.tr\/index.php?rest_route=\/wp\/v2\/posts\/9082\/revisions\/9084"}],"wp:featuredmedia":[{"embeddable":true,"href":"https:\/\/haberbesiktas.tr\/index.php?rest_route=\/wp\/v2\/media\/9083"}],"wp:attachment":[{"href":"https:\/\/haberbesiktas.tr\/index.php?rest_route=%2Fwp%2Fv2%2Fmedia&parent=9082"}],"wp:term":[{"taxonomy":"category","embeddable":true,"href":"https:\/\/haberbesiktas.tr\/index.php?rest_route=%2Fwp%2Fv2%2Fcategories&post=9082"},{"taxonomy":"post_tag","embeddable":true,"href":"https:\/\/haberbesiktas.tr\/index.php?rest_route=%2Fwp%2Fv2%2Ftags&post=9082"}],"curies":[{"name":"wp","href":"https:\/\/api.w.org\/{rel}","templated":true}]}}