{"id":9085,"date":"2025-02-15T09:36:05","date_gmt":"2025-02-15T09:36:05","guid":{"rendered":"https:\/\/haberbesiktas.tr\/?p=9085"},"modified":"2025-02-15T09:36:05","modified_gmt":"2025-02-15T09:36:05","slug":"gencler-ve-buyukler-turkiye-halter-sampiyonasinin-acilis-toreni-gerceklestirildi","status":"publish","type":"post","link":"https:\/\/haberbesiktas.tr\/?p=9085","title":{"rendered":"Gen\u00e7ler ve B\u00fcy\u00fckler T\u00fcrkiye Halter \u015eampiyonas\u0131&#8217;n\u0131n a\u00e7\u0131l\u0131\u015f t\u00f6reni ger\u00e7ekle\u015ftirildi"},"content":{"rendered":"<p><span><span>Ankara&#8217;n\u0131n konut sahipli\u011fi yapt\u0131\u011f\u0131 Gen\u00e7ler ve B\u00fcy\u00fckler T\u00fcrkiye Halter \u015eampiyonas\u0131&#8217;n\u0131n a\u00e7\u0131l\u0131\u015f\u0131 yap\u0131ld\u0131.\u00a0\u00a0<\/span><\/span> Yenimahalle Spor Kompleksi&#8217;nde d\u00fczenlenen tertibin a\u00e7\u0131l\u0131\u015f merasimine, Gen\u00e7lik ve Spor Bakanl\u0131\u011f\u0131 E\u011fitim Dairesi Ba\u015fkan\u0131 \u015e\u00fckr\u00fc Y\u0131lmaz ve Atlet Yeti\u015ftirme Dairesi Lideri Ali Sosano\u011flu, Milli E\u011fitim Bakanl\u0131\u011f\u0131 K\u00fclt\u00fcr, Sanat ve Spor Etkinlikleri Daire Ba\u015fkan\u0131 Ufuk Dilek\u00e7i ile T\u00fcrkiye Halter Federasyonu Ba\u015fkan\u0131 Talat \u00dcnl\u00fc de kat\u0131ld\u0131.<\/p>\n<p> Bolu Kartalkaya&#8217;daki otel yang\u0131n\u0131 ve Sivas Y\u0131ld\u0131z Da\u011f\u0131&#8217;ndaki otelde ya\u015fanan patlamadan \u00f6t\u00fcr\u00fc seremoni \u00f6ncesi h\u00fcrmet duru\u015funda bulunuldu.<\/p>\n<p> Federasyon ba\u015fkan\u0131 \u00dcnl\u00fc, yapt\u0131\u011f\u0131 konu\u015fmada, &#8220;2025&#8217;in birinci tertibini ger\u00e7ekle\u015ftiriyoruz. Bu y\u0131l \u00e7ok de\u011ferli organizasyonlar\u0131m\u0131z var ve biz bu tertiplere \u00f6nemli bir haz\u0131rl\u0131k yap\u0131yoruz. Burada yar\u0131\u015facak t\u00fcm atletlerimize muvaffakiyetler diliyorum.&#8221; s\u00f6zlerini kulland\u0131.<\/p>\n<p> 31 vilayetten 410 haltercinin u\u011fra\u015f edece\u011fi \u015fampiyona, 25 Ocak Cumartesi g\u00fcn\u00fc sona erecek.<\/p>\n","protected":false},"excerpt":{"rendered":"<p>Ankara&#8217;n\u0131n mesken sahipli\u011fi yapt\u0131\u011f\u0131 Gen\u00e7ler ve B\u00fcy\u00fckler T\u00fcrkiye Halter \u015eampiyonas\u0131&#8217;n\u0131n a\u00e7\u0131l\u0131\u015f\u0131 ger\u00e7ekle\u015ftirildi.<\/p>\n","protected":false},"author":1,"featured_media":9086,"comment_status":"open","ping_status":"open","sticky":false,"template":"","format":"standard","meta":{"footnotes":""},"categories":[27],"tags":[171,65],"class_list":["post-9085","post","type-post","status-publish","format-standard","has-post-thumbnail","hentry","category-guncel-haberler","tag-baskani","tag-spor"],"_links":{"self":[{"href":"https:\/\/haberbesiktas.tr\/index.php?rest_route=\/wp\/v2\/posts\/9085","targetHints":{"allow":["GET"]}}],"collection":[{"href":"https:\/\/haberbesiktas.tr\/index.php?rest_route=\/wp\/v2\/posts"}],"about":[{"href":"https:\/\/haberbesiktas.tr\/index.php?rest_route=\/wp\/v2\/types\/post"}],"author":[{"embeddable":true,"href":"https:\/\/haberbesiktas.tr\/index.php?rest_route=\/wp\/v2\/users\/1"}],"replies":[{"embeddable":true,"href":"https:\/\/haberbesiktas.tr\/index.php?rest_route=%2Fwp%2Fv2%2Fcomments&post=9085"}],"version-history":[{"count":1,"href":"https:\/\/haberbesiktas.tr\/index.php?rest_route=\/wp\/v2\/posts\/9085\/revisions"}],"predecessor-version":[{"id":9087,"href":"https:\/\/haberbesiktas.tr\/index.php?rest_route=\/wp\/v2\/posts\/9085\/revisions\/9087"}],"wp:featuredmedia":[{"embeddable":true,"href":"https:\/\/haberbesiktas.tr\/index.php?rest_route=\/wp\/v2\/media\/9086"}],"wp:attachment":[{"href":"https:\/\/haberbesiktas.tr\/index.php?rest_route=%2Fwp%2Fv2%2Fmedia&parent=9085"}],"wp:term":[{"taxonomy":"category","embeddable":true,"href":"https:\/\/haberbesiktas.tr\/index.php?rest_route=%2Fwp%2Fv2%2Fcategories&post=9085"},{"taxonomy":"post_tag","embeddable":true,"href":"https:\/\/haberbesiktas.tr\/index.php?rest_route=%2Fwp%2Fv2%2Ftags&post=9085"}],"curies":[{"name":"wp","href":"https:\/\/api.w.org\/{rel}","templated":true}]}}