{"id":9094,"date":"2025-02-15T10:12:07","date_gmt":"2025-02-15T10:12:07","guid":{"rendered":"https:\/\/haberbesiktas.tr\/?p=9094"},"modified":"2025-02-15T10:12:07","modified_gmt":"2025-02-15T10:12:07","slug":"kyle-walker-imza-icin-milanoya-gitti","status":"publish","type":"post","link":"https:\/\/haberbesiktas.tr\/?p=9094","title":{"rendered":"Kyle Walker, imza i\u00e7in Milano&#8217;ya gitti"},"content":{"rendered":"<div>Manchester City&#8217;de forma giyen \u0130ngiliz sa\u011f bek Kyle Walker, Milan ile resmi mukaveleyi imzalamaya haz\u0131rlan\u0131yor.<\/p>\n<p><strong>\u0130TALYA&#8217;YA G\u0130TT\u0130<\/strong><\/p>\n<p> Milan ile her bahiste muahede sa\u011flayan y\u0131ld\u0131z oyuncu, \u0130talyan devi ile resmi kontrat imzalamak i\u00e7in Milano kentine gitti. Burada Milan taraftarlar\u0131n\u0131n a\u011f\u0131r ilgisi ile kar\u015f\u0131la\u015fan Walker, taraftarlar\u0131 selamlamay\u0131 ihmal etmedi.<\/p>\n<p> Fabrizio Romano&#8217;nun haberine nazaran, Milan ve Manchester City, Walker&#8217;\u0131n kiral\u0131k transferi i\u00e7in mutabakat sa\u011flad\u0131. Milan, \u0130ngiliz futbolcunun ikinci yar\u0131daki maa\u015f\u0131n\u0131 \u00fcstlenecek.<\/p>\n<p> <strong>OPS\u0130YONLU K\u0130RALAMA<\/strong><\/p>\n<p>Milan ve Manchester City ortas\u0131nda yap\u0131lan mukaveleye nazaran 34 ya\u015f\u0131ndaki futbolcunun kiral\u0131k kontrat\u0131nda mecbur\u00ee olmayan sat\u0131n alma opsiyonu da yer al\u0131yor.<\/p>\n<p>https:\/\/twitter.com\/sporxtv\/status\/1882421108592304284<\/p>\n<p> <strong>3 YLLIK ANLA\u015eMA<\/strong><\/p>\n<p> Walker da ferd\u00ee kaidelerde Milan ile 3 y\u0131ll\u0131k muahede sa\u011flad\u0131. Milan&#8217;\u0131n, yaz aylar\u0131nda Walker&#8217;\u0131n sat\u0131n alma opsiyonunu kullanmas\u0131 durumunda bu muahede kurallar\u0131 devreye girecek.<\/p>\n<p> Milan&#8217;\u0131n, 34 ya\u015f\u0131ndaki tecr\u00fcbeli futbolcunun transferini k\u0131sa m\u00fcddet i\u00e7erisinde resmiyete d\u00f6kmesi bekleniyor.<\/p>\n<p> Kyle Walker, bu d\u00f6nem Manchester City&#8217;de 18 ma\u00e7ta m\u00fcddet buldu.<\/p>\n<\/div>\n","protected":false},"excerpt":{"rendered":"<p>Manchester City&#8217;de forma giyen \u0130ngiliz sa\u011f bek Kyle Walker, Milan ile mukavele imzalamak i\u00e7in \u0130talya&#8217;ya gitti.<\/p>\n","protected":false},"author":1,"featured_media":9095,"comment_status":"open","ping_status":"open","sticky":false,"template":"","format":"standard","meta":{"footnotes":""},"categories":[25],"tags":[1007,645,554],"class_list":["post-9094","post","type-post","status-publish","format-standard","has-post-thumbnail","hentry","category-futbol","tag-anlasma","tag-milan","tag-walker"],"_links":{"self":[{"href":"https:\/\/haberbesiktas.tr\/index.php?rest_route=\/wp\/v2\/posts\/9094","targetHints":{"allow":["GET"]}}],"collection":[{"href":"https:\/\/haberbesiktas.tr\/index.php?rest_route=\/wp\/v2\/posts"}],"about":[{"href":"https:\/\/haberbesiktas.tr\/index.php?rest_route=\/wp\/v2\/types\/post"}],"author":[{"embeddable":true,"href":"https:\/\/haberbesiktas.tr\/index.php?rest_route=\/wp\/v2\/users\/1"}],"replies":[{"embeddable":true,"href":"https:\/\/haberbesiktas.tr\/index.php?rest_route=%2Fwp%2Fv2%2Fcomments&post=9094"}],"version-history":[{"count":1,"href":"https:\/\/haberbesiktas.tr\/index.php?rest_route=\/wp\/v2\/posts\/9094\/revisions"}],"predecessor-version":[{"id":9096,"href":"https:\/\/haberbesiktas.tr\/index.php?rest_route=\/wp\/v2\/posts\/9094\/revisions\/9096"}],"wp:featuredmedia":[{"embeddable":true,"href":"https:\/\/haberbesiktas.tr\/index.php?rest_route=\/wp\/v2\/media\/9095"}],"wp:attachment":[{"href":"https:\/\/haberbesiktas.tr\/index.php?rest_route=%2Fwp%2Fv2%2Fmedia&parent=9094"}],"wp:term":[{"taxonomy":"category","embeddable":true,"href":"https:\/\/haberbesiktas.tr\/index.php?rest_route=%2Fwp%2Fv2%2Fcategories&post=9094"},{"taxonomy":"post_tag","embeddable":true,"href":"https:\/\/haberbesiktas.tr\/index.php?rest_route=%2Fwp%2Fv2%2Ftags&post=9094"}],"curies":[{"name":"wp","href":"https:\/\/api.w.org\/{rel}","templated":true}]}}