{"id":9213,"date":"2025-02-15T21:12:06","date_gmt":"2025-02-15T21:12:06","guid":{"rendered":"https:\/\/haberbesiktas.tr\/?p=9213"},"modified":"2025-02-15T21:12:06","modified_gmt":"2025-02-15T21:12:06","slug":"real-madrid-kimmich-ile-gorusuyor","status":"publish","type":"post","link":"https:\/\/haberbesiktas.tr\/?p=9213","title":{"rendered":"Real Madrid, Kimmich ile g\u00f6r\u00fc\u015f\u00fcyor"},"content":{"rendered":"<div>Real Madrid, Bayern M\u00fcnih formas\u0131 giyen Joshua Kimmich i\u00e7in harekete ge\u00e7ti.<\/p>\n<p> Bild&#8217;de yer alan habere nazaran, \u0130spanyol devi, Bayern M\u00fcnih ile mukavelesi bitecek Joshua Kimmich ile temasa ge\u00e7ti ve g\u00f6r\u00fc\u015fmelere ba\u015flad\u0131.<\/p>\n<p> Kimmich i\u00e7in Real Madrid ihtimalinin \u00e7ok \u00f6nemli bir se\u00e7enek oldu\u011fu belirtildi.<\/p>\n<p> Joshua Kimmich&#8217;in ismi daha evvel de Manchester City ve Barcelona ile an\u0131lm\u0131\u015ft\u0131.<\/p>\n<p> Bayern M\u00fcnih&#8217;te bu d\u00f6nem 28 ma\u00e7ta m\u00fcddet bulan 29 ya\u015f\u0131ndaki futbolcu, 1 gol att\u0131 ve 7 asist yapt\u0131.<\/p>\n<\/div>\n","protected":false},"excerpt":{"rendered":"<p>Real Madrid, Bayern M\u00fcnih ile mukavelesi bitecek Joshua Kimmich ile g\u00f6r\u00fc\u015fmelere ba\u015flad\u0131.<\/p>\n","protected":false},"author":1,"featured_media":9214,"comment_status":"open","ping_status":"open","sticky":false,"template":"","format":"standard","meta":{"footnotes":""},"categories":[25],"tags":[],"class_list":["post-9213","post","type-post","status-publish","format-standard","has-post-thumbnail","hentry","category-futbol"],"_links":{"self":[{"href":"https:\/\/haberbesiktas.tr\/index.php?rest_route=\/wp\/v2\/posts\/9213","targetHints":{"allow":["GET"]}}],"collection":[{"href":"https:\/\/haberbesiktas.tr\/index.php?rest_route=\/wp\/v2\/posts"}],"about":[{"href":"https:\/\/haberbesiktas.tr\/index.php?rest_route=\/wp\/v2\/types\/post"}],"author":[{"embeddable":true,"href":"https:\/\/haberbesiktas.tr\/index.php?rest_route=\/wp\/v2\/users\/1"}],"replies":[{"embeddable":true,"href":"https:\/\/haberbesiktas.tr\/index.php?rest_route=%2Fwp%2Fv2%2Fcomments&post=9213"}],"version-history":[{"count":1,"href":"https:\/\/haberbesiktas.tr\/index.php?rest_route=\/wp\/v2\/posts\/9213\/revisions"}],"predecessor-version":[{"id":9215,"href":"https:\/\/haberbesiktas.tr\/index.php?rest_route=\/wp\/v2\/posts\/9213\/revisions\/9215"}],"wp:featuredmedia":[{"embeddable":true,"href":"https:\/\/haberbesiktas.tr\/index.php?rest_route=\/wp\/v2\/media\/9214"}],"wp:attachment":[{"href":"https:\/\/haberbesiktas.tr\/index.php?rest_route=%2Fwp%2Fv2%2Fmedia&parent=9213"}],"wp:term":[{"taxonomy":"category","embeddable":true,"href":"https:\/\/haberbesiktas.tr\/index.php?rest_route=%2Fwp%2Fv2%2Fcategories&post=9213"},{"taxonomy":"post_tag","embeddable":true,"href":"https:\/\/haberbesiktas.tr\/index.php?rest_route=%2Fwp%2Fv2%2Ftags&post=9213"}],"curies":[{"name":"wp","href":"https:\/\/api.w.org\/{rel}","templated":true}]}}