{"id":9224,"date":"2025-02-15T22:00:06","date_gmt":"2025-02-15T22:00:06","guid":{"rendered":"https:\/\/haberbesiktas.tr\/?p=9224"},"modified":"2025-02-15T22:00:06","modified_gmt":"2025-02-15T22:00:06","slug":"kadikoyde-kirmizi-kart-iptal-oldu","status":"publish","type":"post","link":"https:\/\/haberbesiktas.tr\/?p=9224","title":{"rendered":"Kad\u0131k\u00f6y&#8217;de k\u0131rm\u0131z\u0131 kart iptal oldu!"},"content":{"rendered":"<div>Fenerbah\u00e7e &#8211; Lyon m\u00fcsabakas\u0131n\u0131n birinci yar\u0131s\u0131nda k\u0131rm\u0131z\u0131 kart iptal oldu.<\/p>\n<p> 45+3. dakikada Niakhate, \u0130rfan Can&#8217;\u0131n topla bulu\u015fmas\u0131n\u0131 engellemek isterken ulusal futbolcuya kay\u0131p m\u00fcdahalede bulundu.<\/p>\n<p> Hakem Simone Sozza, Niakhate&#8217;nin m\u00fcdahalesinin akabinde k\u0131rm\u0131z\u0131 kart\u0131na ba\u015fvurdu.<\/p>\n<p> Hakem Simone Sozza, VAR&#8217;dan gelen ihtar sonras\u0131 durumu ekranda izledi ve k\u0131rm\u0131z\u0131 kart\u0131 iptal etti.<\/p>\n<p>https:\/\/twitter.com\/sporxtv\/status\/1882499275390865805<\/p>\n<\/p><\/div>\n","protected":false},"excerpt":{"rendered":"<p>Fenerbah\u00e7e &#8211; Lyon m\u00fcsabakas\u0131nda Niakhate&#8217;nin g\u00f6rd\u00fc\u011f\u00fc k\u0131rm\u0131z\u0131 kart iptal oldu.<\/p>\n","protected":false},"author":1,"featured_media":9225,"comment_status":"open","ping_status":"open","sticky":false,"template":"","format":"standard","meta":{"footnotes":""},"categories":[25],"tags":[],"class_list":["post-9224","post","type-post","status-publish","format-standard","has-post-thumbnail","hentry","category-futbol"],"_links":{"self":[{"href":"https:\/\/haberbesiktas.tr\/index.php?rest_route=\/wp\/v2\/posts\/9224","targetHints":{"allow":["GET"]}}],"collection":[{"href":"https:\/\/haberbesiktas.tr\/index.php?rest_route=\/wp\/v2\/posts"}],"about":[{"href":"https:\/\/haberbesiktas.tr\/index.php?rest_route=\/wp\/v2\/types\/post"}],"author":[{"embeddable":true,"href":"https:\/\/haberbesiktas.tr\/index.php?rest_route=\/wp\/v2\/users\/1"}],"replies":[{"embeddable":true,"href":"https:\/\/haberbesiktas.tr\/index.php?rest_route=%2Fwp%2Fv2%2Fcomments&post=9224"}],"version-history":[{"count":1,"href":"https:\/\/haberbesiktas.tr\/index.php?rest_route=\/wp\/v2\/posts\/9224\/revisions"}],"predecessor-version":[{"id":9226,"href":"https:\/\/haberbesiktas.tr\/index.php?rest_route=\/wp\/v2\/posts\/9224\/revisions\/9226"}],"wp:featuredmedia":[{"embeddable":true,"href":"https:\/\/haberbesiktas.tr\/index.php?rest_route=\/wp\/v2\/media\/9225"}],"wp:attachment":[{"href":"https:\/\/haberbesiktas.tr\/index.php?rest_route=%2Fwp%2Fv2%2Fmedia&parent=9224"}],"wp:term":[{"taxonomy":"category","embeddable":true,"href":"https:\/\/haberbesiktas.tr\/index.php?rest_route=%2Fwp%2Fv2%2Fcategories&post=9224"},{"taxonomy":"post_tag","embeddable":true,"href":"https:\/\/haberbesiktas.tr\/index.php?rest_route=%2Fwp%2Fv2%2Ftags&post=9224"}],"curies":[{"name":"wp","href":"https:\/\/api.w.org\/{rel}","templated":true}]}}