{"id":9236,"date":"2025-02-15T23:12:06","date_gmt":"2025-02-15T23:12:06","guid":{"rendered":"https:\/\/haberbesiktas.tr\/?p=9236"},"modified":"2025-02-15T23:12:06","modified_gmt":"2025-02-15T23:12:06","slug":"fenerbahceye-iki-isimden-kotu-haber","status":"publish","type":"post","link":"https:\/\/haberbesiktas.tr\/?p=9236","title":{"rendered":"Fenerbah\u00e7e&#8217;ye iki isimden k\u00f6t\u00fc haber!"},"content":{"rendered":"<div>UEFA Avrupa Ligi&#8217;nde Lyon ile kar\u015f\u0131la\u015fan Fenerbah\u00e7e&#8217;ye berbat bir haber geldi.<\/p>\n<p> Fenerbah\u00e7e&#8217;de Sofyan Amrabat, 70. dakikada g\u00f6rd\u00fc\u011f\u00fc sar\u0131 kart\u0131n akabinde cezal\u0131 duruma d\u00fc\u015ft\u00fc. Amrabat, UEFA Avrupa Ligi&#8217;nde gelecek hafta ekibini yaln\u0131z b\u0131rakacak.<\/p>\n<p>Fenerbah\u00e7e&#8217;de Amrabat&#8217;\u0131n akabinde Osayi Samuel de 87. dakikada g\u00f6rd\u00fc\u011f\u00fc sar\u0131 kart\u0131n akabinde cezal\u0131 duruma d\u00fc\u015ft\u00fc. Osayi de gelecek hafta forma giyemeyecek.<\/p>\n<p> Fenerbah\u00e7e, UEFA Avrupa Ligi&#8217;nde gelecek hafta Midtjylland ile deplasmanda kar\u015f\u0131la\u015facak.<\/p>\n<\/div>\n","protected":false},"excerpt":{"rendered":"<p>Fenerbah\u00e7e&#8217;de sar\u0131 kart g\u00f6ren Sofyan Amrabat ve Osayi Samuel, gelecek hafta Midtjylland deplasman\u0131nda forma giyemeyecek.<\/p>\n","protected":false},"author":1,"featured_media":9237,"comment_status":"open","ping_status":"open","sticky":false,"template":"","format":"standard","meta":{"footnotes":""},"categories":[25],"tags":[],"class_list":["post-9236","post","type-post","status-publish","format-standard","has-post-thumbnail","hentry","category-futbol"],"_links":{"self":[{"href":"https:\/\/haberbesiktas.tr\/index.php?rest_route=\/wp\/v2\/posts\/9236","targetHints":{"allow":["GET"]}}],"collection":[{"href":"https:\/\/haberbesiktas.tr\/index.php?rest_route=\/wp\/v2\/posts"}],"about":[{"href":"https:\/\/haberbesiktas.tr\/index.php?rest_route=\/wp\/v2\/types\/post"}],"author":[{"embeddable":true,"href":"https:\/\/haberbesiktas.tr\/index.php?rest_route=\/wp\/v2\/users\/1"}],"replies":[{"embeddable":true,"href":"https:\/\/haberbesiktas.tr\/index.php?rest_route=%2Fwp%2Fv2%2Fcomments&post=9236"}],"version-history":[{"count":1,"href":"https:\/\/haberbesiktas.tr\/index.php?rest_route=\/wp\/v2\/posts\/9236\/revisions"}],"predecessor-version":[{"id":9238,"href":"https:\/\/haberbesiktas.tr\/index.php?rest_route=\/wp\/v2\/posts\/9236\/revisions\/9238"}],"wp:featuredmedia":[{"embeddable":true,"href":"https:\/\/haberbesiktas.tr\/index.php?rest_route=\/wp\/v2\/media\/9237"}],"wp:attachment":[{"href":"https:\/\/haberbesiktas.tr\/index.php?rest_route=%2Fwp%2Fv2%2Fmedia&parent=9236"}],"wp:term":[{"taxonomy":"category","embeddable":true,"href":"https:\/\/haberbesiktas.tr\/index.php?rest_route=%2Fwp%2Fv2%2Fcategories&post=9236"},{"taxonomy":"post_tag","embeddable":true,"href":"https:\/\/haberbesiktas.tr\/index.php?rest_route=%2Fwp%2Fv2%2Ftags&post=9236"}],"curies":[{"name":"wp","href":"https:\/\/api.w.org\/{rel}","templated":true}]}}