{"id":9302,"date":"2025-02-16T04:48:06","date_gmt":"2025-02-16T04:48:06","guid":{"rendered":"https:\/\/haberbesiktas.tr\/?p=9302"},"modified":"2025-02-16T04:48:06","modified_gmt":"2025-02-16T04:48:06","slug":"ettore-messina-elimdeki-takim-kendine-guvenmiyor","status":"publish","type":"post","link":"https:\/\/haberbesiktas.tr\/?p=9302","title":{"rendered":"Ettore Messina: &#8220;Elimdeki tak\u0131m kendine g\u00fcvenmiyor&#8221;"},"content":{"rendered":"<div>\n<p>EA7 Emporio Armani Milan Ba\u015fantren\u00f6r\u00fc Ettore Messina, konuk olduklar\u0131 Anadolu Efes m\u00fcsabakas\u0131n\u0131n akabinde konu\u015ftu.\u00a0<\/p>\n<p> EA7 Emporio Armani Milan Ba\u015fantren\u00f6r\u00fc Ettore Messina ise ekibin \u00f6zg\u00fcveninin d\u00fc\u015f\u00fck oldu\u011funu s\u00f6yleyerek <strong>&#8220;Anadolu Efes&#8217;i tebrik ediyorum, bug\u00fcn \u00e7ok uygunlard\u0131 ve \u00e2l\u00e2 say\u0131lar buldular. Maalesef sakatl\u0131klar hasebiyle ac\u0131 \u00e7ekiyoruz. Kadro bu mevzuda kendini yeterli hissetmiyor ve ald\u0131\u011f\u0131m\u0131z sonu\u00e7 da yenilgi oluyor. \u00dczerimizde makus bir baht var. 2 hafta evvel Maccabi&#8217;yi yendik lakin \u015fu an elimde kendine \u00e7ok g\u00fcvenmeyen bir kadro var. Kadroya \u00f6zg\u00fcvenlerini geri kazanmalar\u0131 i\u00e7in yard\u0131m ediyorum. Bunu \u00e7\u00f6zmeye \u00e7al\u0131\u015f\u0131yoruz. Kadroya her vakit s\u00f6yl\u00fcyorum, Kareem Abdul-Jabbar \u00fczere biri gelip bizi kurtarmayacak. \u00c7aba etmeye devam edece\u011fiz.&#8221;<\/strong> a\u00e7\u0131klamas\u0131nda bulundu.<\/p>\n<\/div>\n","protected":false},"excerpt":{"rendered":"<p>EA7 Emporio Armani Milan Ba\u015fantren\u00f6r\u00fc Ettore Messina, konuk olduklar\u0131 Anadolu Efes&#8217;e 110-66 ma\u011flup olduklar\u0131 ma\u00e7\u0131n akabinde a\u00e7\u0131klamalarda bulundu.<\/p>\n","protected":false},"author":1,"featured_media":9303,"comment_status":"open","ping_status":"open","sticky":false,"template":"","format":"standard","meta":{"footnotes":""},"categories":[10],"tags":[52],"class_list":["post-9302","post","type-post","status-publish","format-standard","has-post-thumbnail","hentry","category-basketbol","tag-takim"],"_links":{"self":[{"href":"https:\/\/haberbesiktas.tr\/index.php?rest_route=\/wp\/v2\/posts\/9302","targetHints":{"allow":["GET"]}}],"collection":[{"href":"https:\/\/haberbesiktas.tr\/index.php?rest_route=\/wp\/v2\/posts"}],"about":[{"href":"https:\/\/haberbesiktas.tr\/index.php?rest_route=\/wp\/v2\/types\/post"}],"author":[{"embeddable":true,"href":"https:\/\/haberbesiktas.tr\/index.php?rest_route=\/wp\/v2\/users\/1"}],"replies":[{"embeddable":true,"href":"https:\/\/haberbesiktas.tr\/index.php?rest_route=%2Fwp%2Fv2%2Fcomments&post=9302"}],"version-history":[{"count":1,"href":"https:\/\/haberbesiktas.tr\/index.php?rest_route=\/wp\/v2\/posts\/9302\/revisions"}],"predecessor-version":[{"id":9304,"href":"https:\/\/haberbesiktas.tr\/index.php?rest_route=\/wp\/v2\/posts\/9302\/revisions\/9304"}],"wp:featuredmedia":[{"embeddable":true,"href":"https:\/\/haberbesiktas.tr\/index.php?rest_route=\/wp\/v2\/media\/9303"}],"wp:attachment":[{"href":"https:\/\/haberbesiktas.tr\/index.php?rest_route=%2Fwp%2Fv2%2Fmedia&parent=9302"}],"wp:term":[{"taxonomy":"category","embeddable":true,"href":"https:\/\/haberbesiktas.tr\/index.php?rest_route=%2Fwp%2Fv2%2Fcategories&post=9302"},{"taxonomy":"post_tag","embeddable":true,"href":"https:\/\/haberbesiktas.tr\/index.php?rest_route=%2Fwp%2Fv2%2Ftags&post=9302"}],"curies":[{"name":"wp","href":"https:\/\/api.w.org\/{rel}","templated":true}]}}