{"id":9305,"date":"2025-02-16T05:00:06","date_gmt":"2025-02-16T05:00:06","guid":{"rendered":"https:\/\/haberbesiktas.tr\/?p=9305"},"modified":"2025-02-16T05:00:06","modified_gmt":"2025-02-16T05:00:06","slug":"pierre-sage-rekabet-gucu-oldukca-yuksekti","status":"publish","type":"post","link":"https:\/\/haberbesiktas.tr\/?p=9305","title":{"rendered":"Pierre Sage: &#8220;Rekabet g\u00fcc\u00fc olduk\u00e7a y\u00fcksekti&#8221;"},"content":{"rendered":"<div>\n<p>UEFA Avrupa Ligi&#8217;nin 7. haftas\u0131nda deplasmanda Fenerbah\u00e7e ile 0-0 berabere kalan Olimpik Lyon&#8217;un teknik y\u00f6neticisi Pierre Sage, rekabet g\u00fcc\u00fc y\u00fcksek bir ma\u00e7 oynad\u0131klar\u0131n\u0131 s\u00f6yledi.\u00a0<\/p>\n<p> \u00dclker Stad\u0131&#8217;nda oynanan m\u00fcsabakan\u0131n akabinde d\u00fczenlenen bas\u0131n toplant\u0131s\u0131nda a\u00e7\u0131klamada bulunan Sage, her iki grubun da ortaya \u00e2l\u00e2 bir oyun koydu\u011funu belirtti.<\/p>\n<p> Fenerbah\u00e7e&#8217;ye kar\u015f\u0131 ekstra savunma yapmad\u0131klar\u0131n\u0131 lisana getiren Frans\u0131z teknik adam, <strong>&#8220;Her iki kadro da ortaya d\u00fczg\u00fcn bir oyun koydu. Rekabet g\u00fcc\u00fc hayli y\u00fcksekti. Her vakit oynad\u0131\u011f\u0131m\u0131z \u00fczere oynad\u0131k, bir de\u011fi\u015fiklik yoktu. Her vakit kazanmak i\u00e7in oynuyoruz. Hamle odakl\u0131 oynamay\u0131 g\u00f6zettik. Ligimizdeki son 2 ma\u00e7a nazaran daha makul oynad\u0131k. Daha dikkatli oynayan bir rakibimiz vard\u0131. Ortaya onlara uygun bir oyun koyduk.&#8221;<\/strong> diye konu\u015ftu.\u00a0<\/p>\n<p> <strong><em>Ma\u00e7 i\u00e7erisinde ellerinden geleni yapt\u0131klar\u0131n\u0131 anlatan Sage, \u015funlar\u0131 kaydetti:<\/em><\/strong><\/p>\n<p> &#8220;Sahada profesyonel oyuncular vard\u0131. Birbirleriyle alakalar\u0131n\u0131 g\u00fczel buldum, olumluydu. Ben de ma\u00e7\u0131 elimden geldi\u011fince y\u00f6netmeye \u00e7al\u0131\u015ft\u0131m. Birka\u00e7 f\u0131rsat yakalad\u0131k, de\u011ferlendirmeye \u00e7al\u0131\u015ft\u0131k. Gayretten \u00f6t\u00fcr\u00fc \u00e7ok fazla kart g\u00f6r\u00fcld\u00fc. Kolay bir ma\u00e7 de\u011fildi.&#8221;<\/p>\n<p> Sage, Kumbedi&#8217;nin Szymanski ile ortas\u0131nda ya\u015fanan konumda ise taamm\u00fcden bir harekette bulunmad\u0131\u011f\u0131n\u0131 kelamlar\u0131na ekledi.<\/p>\n<\/div>\n","protected":false},"excerpt":{"rendered":"<p>Olimpik Lyon Teknik Y\u00f6neticisi Pierre Sage, deplasmanda Fenerbah\u00e7e ile 0-0 berabere kald\u0131klar\u0131 ma\u00e7\u0131n akabinde a\u00e7\u0131klamalarda bulundu.<\/p>\n","protected":false},"author":1,"featured_media":9306,"comment_status":"open","ping_status":"open","sticky":false,"template":"","format":"standard","meta":{"footnotes":""},"categories":[25],"tags":[50],"class_list":["post-9305","post","type-post","status-publish","format-standard","has-post-thumbnail","hentry","category-futbol","tag-mac"],"_links":{"self":[{"href":"https:\/\/haberbesiktas.tr\/index.php?rest_route=\/wp\/v2\/posts\/9305","targetHints":{"allow":["GET"]}}],"collection":[{"href":"https:\/\/haberbesiktas.tr\/index.php?rest_route=\/wp\/v2\/posts"}],"about":[{"href":"https:\/\/haberbesiktas.tr\/index.php?rest_route=\/wp\/v2\/types\/post"}],"author":[{"embeddable":true,"href":"https:\/\/haberbesiktas.tr\/index.php?rest_route=\/wp\/v2\/users\/1"}],"replies":[{"embeddable":true,"href":"https:\/\/haberbesiktas.tr\/index.php?rest_route=%2Fwp%2Fv2%2Fcomments&post=9305"}],"version-history":[{"count":1,"href":"https:\/\/haberbesiktas.tr\/index.php?rest_route=\/wp\/v2\/posts\/9305\/revisions"}],"predecessor-version":[{"id":9307,"href":"https:\/\/haberbesiktas.tr\/index.php?rest_route=\/wp\/v2\/posts\/9305\/revisions\/9307"}],"wp:featuredmedia":[{"embeddable":true,"href":"https:\/\/haberbesiktas.tr\/index.php?rest_route=\/wp\/v2\/media\/9306"}],"wp:attachment":[{"href":"https:\/\/haberbesiktas.tr\/index.php?rest_route=%2Fwp%2Fv2%2Fmedia&parent=9305"}],"wp:term":[{"taxonomy":"category","embeddable":true,"href":"https:\/\/haberbesiktas.tr\/index.php?rest_route=%2Fwp%2Fv2%2Fcategories&post=9305"},{"taxonomy":"post_tag","embeddable":true,"href":"https:\/\/haberbesiktas.tr\/index.php?rest_route=%2Fwp%2Fv2%2Ftags&post=9305"}],"curies":[{"name":"wp","href":"https:\/\/api.w.org\/{rel}","templated":true}]}}