{"id":9308,"date":"2025-02-16T05:12:06","date_gmt":"2025-02-16T05:12:06","guid":{"rendered":"https:\/\/haberbesiktas.tr\/?p=9308"},"modified":"2025-02-16T05:12:06","modified_gmt":"2025-02-16T05:12:06","slug":"galatasaray-ahmed-kutucu-transferini-acikladi","status":"publish","type":"post","link":"https:\/\/haberbesiktas.tr\/?p=9308","title":{"rendered":"Galatasaray, Ahmed Kutucu transferini a\u00e7\u0131klad\u0131"},"content":{"rendered":"<div>Galatasaray, Ey\u00fcpspor&#8217;dan Ahmed Kutucu&#8217;yu transfer etti\u011fini a\u00e7\u0131klad\u0131.<\/p>\n<p><strong>Kul\u00fcpten yap\u0131lan a\u00e7\u0131klamada \u015fu s\u00f6zler kullan\u0131ld\u0131;<\/strong><br \/> &#8220;Profesyonel futbolcu Ahmed Kutucu&#8217;nun transferi konusunda Ey\u00fcpspor Kul\u00fcb\u00fc ile muahedeye var\u0131lm\u0131\u015ft\u0131r.<\/p>\n<p> Bu \u00e7er\u00e7evede, futbolcunun eski kul\u00fcb\u00fcne net 5.962.500 EUR transfer bedeli \u00f6denecektir.<\/p>\n<p> Futbolcu ile 2027-2028 d\u00f6nemi sonuna kadar mutabakata var\u0131lm\u0131\u015f olup \u00f6denecek d\u00f6nemlik fiyatlar a\u015fa\u011f\u0131daki halde belirlenmi\u015ftir:<\/p>\n<p> 2024-2025 d\u00f6nemi i\u00e7in: Net 20.000.000 TL,<br \/>2025-2026 d\u00f6nemi i\u00e7in: Net 50.000.000 TL,<br \/>2026-2027 d\u00f6nemi i\u00e7in: Net 60.000.000 TL,<br \/>2027-2028 d\u00f6nemi i\u00e7in: Net 75.000.000 TL.&#8221;<\/p>\n<\/div>\n","protected":false},"excerpt":{"rendered":"<p>Galatasaray, Ey\u00fcpspor&#8217;dan Ahmed Kutucu&#8217;yu transfer etti\u011fini a\u00e7\u0131klad\u0131.<\/p>\n","protected":false},"author":1,"featured_media":9309,"comment_status":"open","ping_status":"open","sticky":false,"template":"","format":"standard","meta":{"footnotes":""},"categories":[25],"tags":[1116,761],"class_list":["post-9308","post","type-post","status-publish","format-standard","has-post-thumbnail","hentry","category-futbol","tag-net","tag-sezonu"],"_links":{"self":[{"href":"https:\/\/haberbesiktas.tr\/index.php?rest_route=\/wp\/v2\/posts\/9308","targetHints":{"allow":["GET"]}}],"collection":[{"href":"https:\/\/haberbesiktas.tr\/index.php?rest_route=\/wp\/v2\/posts"}],"about":[{"href":"https:\/\/haberbesiktas.tr\/index.php?rest_route=\/wp\/v2\/types\/post"}],"author":[{"embeddable":true,"href":"https:\/\/haberbesiktas.tr\/index.php?rest_route=\/wp\/v2\/users\/1"}],"replies":[{"embeddable":true,"href":"https:\/\/haberbesiktas.tr\/index.php?rest_route=%2Fwp%2Fv2%2Fcomments&post=9308"}],"version-history":[{"count":1,"href":"https:\/\/haberbesiktas.tr\/index.php?rest_route=\/wp\/v2\/posts\/9308\/revisions"}],"predecessor-version":[{"id":9310,"href":"https:\/\/haberbesiktas.tr\/index.php?rest_route=\/wp\/v2\/posts\/9308\/revisions\/9310"}],"wp:featuredmedia":[{"embeddable":true,"href":"https:\/\/haberbesiktas.tr\/index.php?rest_route=\/wp\/v2\/media\/9309"}],"wp:attachment":[{"href":"https:\/\/haberbesiktas.tr\/index.php?rest_route=%2Fwp%2Fv2%2Fmedia&parent=9308"}],"wp:term":[{"taxonomy":"category","embeddable":true,"href":"https:\/\/haberbesiktas.tr\/index.php?rest_route=%2Fwp%2Fv2%2Fcategories&post=9308"},{"taxonomy":"post_tag","embeddable":true,"href":"https:\/\/haberbesiktas.tr\/index.php?rest_route=%2Fwp%2Fv2%2Ftags&post=9308"}],"curies":[{"name":"wp","href":"https:\/\/api.w.org\/{rel}","templated":true}]}}