{"id":9385,"date":"2025-02-16T12:00:06","date_gmt":"2025-02-16T12:00:06","guid":{"rendered":"https:\/\/haberbesiktas.tr\/?p=9385"},"modified":"2025-02-16T12:00:06","modified_gmt":"2025-02-16T12:00:06","slug":"besiktasin-yeni-scout-sefi-geliyor","status":"publish","type":"post","link":"https:\/\/haberbesiktas.tr\/?p=9385","title":{"rendered":"Be\u015fikta\u015f&#8217;\u0131n yeni scout \u015fefi geliyor"},"content":{"rendered":"<div>Be\u015fikta\u015f&#8217;\u0131n yeni scout \u015fefi k\u0131sa m\u00fchlet i\u00e7erisinde vazifesine ba\u015flayacak.<\/p>\n<p> Siyah-beyazl\u0131lar, bir m\u00fcddettir g\u00f6r\u00fc\u015fme halinde oldu\u011fu Eduard Graf ile ge\u00e7ti\u011fimiz g\u00fcnlerde muahedesini sa\u011flam\u0131\u015f ve tak\u0131m\u0131n\u0131 tamamlamas\u0131n\u0131 beklemi\u015fti. Graf&#8217;\u0131n, kendi tak\u0131m\u0131n\u0131 de haz\u0131rlad\u0131\u011f\u0131 ve birka\u00e7 g\u00fcn i\u00e7erisinde \u0130stanbul&#8217;a gelerek kul\u00fcpteki vazifesine resmen ba\u015flayaca\u011f\u0131 \u00f6\u011frenildi. Son olarak Borussia Dortmund&#8217;da \u00e7al\u0131\u015fan Alman futbol adam\u0131n\u0131n, Be\u015fikta\u015f&#8217;a beraberinde 4 scout daha getirece\u011fi s\u00f6z edildi.<\/p>\n<p> Bu ortada siyah-beyazl\u0131lar\u0131n, transfer \u00e7al\u0131\u015fmalar\u0131n\u0131 Eduard Graf ve teknik y\u00f6netici Ole Gunnar Solskjaer&#8217;in g\u00f6r\u00fc\u015fleri do\u011fruldusunda s\u00fcrd\u00fcrd\u00fckleri kaydedildi.\u00a0<\/p>\n<\/div>\n","protected":false},"excerpt":{"rendered":"<p>Be\u015fikta\u015f&#8217;\u0131n muahede sa\u011flad\u0131\u011f\u0131 scout \u015fefi Eduard Graf&#8217;\u0131n birka\u00e7 g\u00fcn i\u00e7erisinde \u0130stanbul&#8217;a gelerek misyonuna ba\u015flamas\u0131 bekleniyor.<\/p>\n","protected":false},"author":1,"featured_media":9386,"comment_status":"open","ping_status":"open","sticky":false,"template":"","format":"standard","meta":{"footnotes":""},"categories":[25],"tags":[],"class_list":["post-9385","post","type-post","status-publish","format-standard","has-post-thumbnail","hentry","category-futbol"],"_links":{"self":[{"href":"https:\/\/haberbesiktas.tr\/index.php?rest_route=\/wp\/v2\/posts\/9385","targetHints":{"allow":["GET"]}}],"collection":[{"href":"https:\/\/haberbesiktas.tr\/index.php?rest_route=\/wp\/v2\/posts"}],"about":[{"href":"https:\/\/haberbesiktas.tr\/index.php?rest_route=\/wp\/v2\/types\/post"}],"author":[{"embeddable":true,"href":"https:\/\/haberbesiktas.tr\/index.php?rest_route=\/wp\/v2\/users\/1"}],"replies":[{"embeddable":true,"href":"https:\/\/haberbesiktas.tr\/index.php?rest_route=%2Fwp%2Fv2%2Fcomments&post=9385"}],"version-history":[{"count":1,"href":"https:\/\/haberbesiktas.tr\/index.php?rest_route=\/wp\/v2\/posts\/9385\/revisions"}],"predecessor-version":[{"id":9387,"href":"https:\/\/haberbesiktas.tr\/index.php?rest_route=\/wp\/v2\/posts\/9385\/revisions\/9387"}],"wp:featuredmedia":[{"embeddable":true,"href":"https:\/\/haberbesiktas.tr\/index.php?rest_route=\/wp\/v2\/media\/9386"}],"wp:attachment":[{"href":"https:\/\/haberbesiktas.tr\/index.php?rest_route=%2Fwp%2Fv2%2Fmedia&parent=9385"}],"wp:term":[{"taxonomy":"category","embeddable":true,"href":"https:\/\/haberbesiktas.tr\/index.php?rest_route=%2Fwp%2Fv2%2Fcategories&post=9385"},{"taxonomy":"post_tag","embeddable":true,"href":"https:\/\/haberbesiktas.tr\/index.php?rest_route=%2Fwp%2Fv2%2Ftags&post=9385"}],"curies":[{"name":"wp","href":"https:\/\/api.w.org\/{rel}","templated":true}]}}