{"id":9388,"date":"2025-02-16T12:24:07","date_gmt":"2025-02-16T12:24:07","guid":{"rendered":"https:\/\/haberbesiktas.tr\/?p=9388"},"modified":"2025-02-16T12:24:07","modified_gmt":"2025-02-16T12:24:07","slug":"fernando-musleraya-destek-hazirligi","status":"publish","type":"post","link":"https:\/\/haberbesiktas.tr\/?p=9388","title":{"rendered":"Fernando Muslera&#8217;ya destek haz\u0131rl\u0131\u011f\u0131!"},"content":{"rendered":"<div>Galatasaray&#8217;\u0131n Uruguayl\u0131 file bek\u00e7isi Fernando Muslera, Dinamo Kiev ma\u00e7\u0131nda yedi\u011fi goller nedeniyle taraftarlar\u0131n reaksiyonuyla kar\u015f\u0131la\u015fm\u0131\u015ft\u0131.<\/p>\n<p> O ma\u00e7tan sonra \u0130brahim Hatipo\u011flu ve Okan Buruk, Uruguayl\u0131 kaptana dayanak olmu\u015ftu. Sar\u0131 k\u0131rm\u0131z\u0131l\u0131 taraftarlar\u0131n \u0131sl\u0131klad\u0131\u011f\u0131 deneyimli kaleci, Konyaspor ile oynanacak ma\u00e7ta alk\u0131\u015flanacak.<\/p>\n<p> Galatasaray taraftar\u0131n\u0131n Muslera&#8217;ya tezah\u00fcratlarla takviye haz\u0131rl\u0131\u011f\u0131nda oldu\u011fu \u00f6\u011frenildi.<\/p>\n<p> <strong>PANKART HAZIRLANACAK<\/strong><\/p>\n<p> Trib\u00fcne as\u0131lacak Muslera pankartlar\u0131 i\u00e7in de haz\u0131rl\u0131klar ba\u015flad\u0131. Toplumsal medyadaki Galatasaray taraftarlar\u0131 ikiye b\u00f6l\u00fcnm\u00fc\u015f durumda. Kimileri Muslera&#8217;ya takviye verirken bir \u00f6teki k\u00fcme ise Muslera&#8217;n\u0131n bu d\u00f6nem \u00e7ok formsuz oldu\u011fu g\u00f6r\u00fc\u015f\u00fcnde birle\u015fiyor.<\/p>\n<p> <strong>SEZON SONU URUGUAY<\/strong><\/p>\n<p> 38 ya\u015f\u0131ndaki kalecinin kontrat\u0131 bu d\u00f6nem sona eriyor. Muslera&#8217;n\u0131n \u00fclkesine d\u00f6nece\u011fi konu\u015fuluyor.\u00a0<\/p>\n<\/div>\n","protected":false},"excerpt":{"rendered":"<p>UEFA Avrupa Ligi&#8217;ndeki Dinamo Kiev ma\u00e7\u0131nda \u0131sl\u0131klanan ve protesto edilen Fernando Muslera&#8217;ya Konyaspor ma\u00e7\u0131nda taraftarlar\u0131n takviye olaca\u011f\u0131 \u00f6\u011frenildi.<\/p>\n","protected":false},"author":1,"featured_media":9389,"comment_status":"open","ping_status":"open","sticky":false,"template":"","format":"standard","meta":{"footnotes":""},"categories":[25],"tags":[1049],"class_list":["post-9388","post","type-post","status-publish","format-standard","has-post-thumbnail","hentry","category-futbol","tag-muslera"],"_links":{"self":[{"href":"https:\/\/haberbesiktas.tr\/index.php?rest_route=\/wp\/v2\/posts\/9388","targetHints":{"allow":["GET"]}}],"collection":[{"href":"https:\/\/haberbesiktas.tr\/index.php?rest_route=\/wp\/v2\/posts"}],"about":[{"href":"https:\/\/haberbesiktas.tr\/index.php?rest_route=\/wp\/v2\/types\/post"}],"author":[{"embeddable":true,"href":"https:\/\/haberbesiktas.tr\/index.php?rest_route=\/wp\/v2\/users\/1"}],"replies":[{"embeddable":true,"href":"https:\/\/haberbesiktas.tr\/index.php?rest_route=%2Fwp%2Fv2%2Fcomments&post=9388"}],"version-history":[{"count":1,"href":"https:\/\/haberbesiktas.tr\/index.php?rest_route=\/wp\/v2\/posts\/9388\/revisions"}],"predecessor-version":[{"id":9390,"href":"https:\/\/haberbesiktas.tr\/index.php?rest_route=\/wp\/v2\/posts\/9388\/revisions\/9390"}],"wp:featuredmedia":[{"embeddable":true,"href":"https:\/\/haberbesiktas.tr\/index.php?rest_route=\/wp\/v2\/media\/9389"}],"wp:attachment":[{"href":"https:\/\/haberbesiktas.tr\/index.php?rest_route=%2Fwp%2Fv2%2Fmedia&parent=9388"}],"wp:term":[{"taxonomy":"category","embeddable":true,"href":"https:\/\/haberbesiktas.tr\/index.php?rest_route=%2Fwp%2Fv2%2Fcategories&post=9388"},{"taxonomy":"post_tag","embeddable":true,"href":"https:\/\/haberbesiktas.tr\/index.php?rest_route=%2Fwp%2Fv2%2Ftags&post=9388"}],"curies":[{"name":"wp","href":"https:\/\/api.w.org\/{rel}","templated":true}]}}