{"id":9436,"date":"2025-02-16T16:48:06","date_gmt":"2025-02-16T16:48:06","guid":{"rendered":"https:\/\/haberbesiktas.tr\/?p=9436"},"modified":"2025-02-16T16:48:06","modified_gmt":"2025-02-16T16:48:06","slug":"a-milli-kadin-basketbol-takiminin-aday-kadrosu","status":"publish","type":"post","link":"https:\/\/haberbesiktas.tr\/?p=9436","title":{"rendered":"A Milli Kad\u0131n Basketbol Tak\u0131m\u0131&#8217;n\u0131n aday kadrosu"},"content":{"rendered":"<div>\n<div> A Ulusal Bayan Basketbol Ekibi&#8217;nin 2025 Avrupa \u015eampiyonas\u0131 Elemeleri&#8217;nde \u0130zlanda ve Romanya ile oynayaca\u011f\u0131 ma\u00e7lar\u0131n aday tak\u0131m\u0131 a\u015fik\u00e2r oldu.<\/p>\n<p> T\u00fcrkiye Basketbol Federasyonundan yap\u0131lan a\u00e7\u0131klamaya nazaran ay-y\u0131ld\u0131zl\u0131 tak\u0131m, 2 \u015eubat Pazar g\u00fcn\u00fc \u0130stanbul&#8217;da toplanarak haz\u0131rl\u0131klar\u0131na ba\u015flayacak.<\/p>\n<p> F K\u00fcmesi&#8217;nde oynad\u0131\u011f\u0131 4 kar\u015f\u0131la\u015fmadan galibiyetle ayr\u0131lan ulusal kadro, son iki ma\u00e7 \u00f6ncesinde ba\u015fkan olarak \u015fampiyonaya kat\u0131lmaya hak kazanm\u0131\u015ft\u0131.<\/p>\n<p> Ulusallar, 6 \u015eubat Per\u015fembe g\u00fcn\u00fc \u0130zlanda&#8217;y\u0131 a\u011f\u0131rlayacak. Kocaeli&#8217;deki \u015eehit Polis Recep Topalo\u011flu Spor Salonu&#8217;nda oynanacak gayret, saat 19.00&#8217;da ba\u015flayacak. Ay-y\u0131ld\u0131zl\u0131lar, 9 \u015eubat Pazar g\u00fcn\u00fc ise TS\u0130 19.00&#8217;da Ploie\u015fti kentinde Romanya&#8217;ya konuk olacak.<\/p>\n<p> <strong>Ekrem Mutlu&#8217;nun ba\u015fantren\u00f6rl\u00fc\u011f\u00fcn\u00fc yapt\u0131\u011f\u0131 A Ulusal Bayan Basketbol Ekibi&#8217;nin 18 ki\u015filik aday tak\u0131m\u0131nda \u015fu oyuncular yer al\u0131yor:<\/strong><\/p>\n<p> Elif Bayram, Melek Uzuno\u011flu (Be\u015fikta\u015f), Sinem Ata\u015f, Feride \u015eevval Akalan, Pelin Derya Bilgi\u00e7 (\u00c7imsa \u00c7BK Mersin), Sevgi Uzun, \u015eerife Alperi Onar, Tilbe \u015eeny\u00fcrek, Olcay \u00c7ak\u0131r Turgut (Fenerbah\u00e7e Opet), Meltem Y\u0131ld\u0131zhan, Ay\u015fe Cora, Derin Erdo\u011fan, G\u00f6k\u015fen Fitik, Kuanitra Holingsvorth (Galatasaray \u00c7a\u011fda\u015f Faktoring), \u0130layda G\u00fcner (Nesibe Ayd\u0131n), His \u0130htimam, Manolya Kurtulmu\u015f, Zeynep \u015eevval G\u00fcl (OGM Ormanspor)<\/p>\n<div>\u00a0<\/div>\n<\/p><\/div>\n<div>\u00a0<\/div>\n<\/div>\n","protected":false},"excerpt":{"rendered":"<p>Ay-y\u0131ld\u0131zl\u0131lar, 2025 Avrupa \u015eampiyonas\u0131 Elemeleri&#8217;nde 6 \u015eubat&#8217;ta \u0130zlanda ve 9 \u015eubat&#8217;ta Romanya ile kar\u015f\u0131la\u015facak<\/p>\n","protected":false},"author":1,"featured_media":9437,"comment_status":"open","ping_status":"open","sticky":false,"template":"","format":"standard","meta":{"footnotes":""},"categories":[10],"tags":[],"class_list":["post-9436","post","type-post","status-publish","format-standard","has-post-thumbnail","hentry","category-basketbol"],"_links":{"self":[{"href":"https:\/\/haberbesiktas.tr\/index.php?rest_route=\/wp\/v2\/posts\/9436","targetHints":{"allow":["GET"]}}],"collection":[{"href":"https:\/\/haberbesiktas.tr\/index.php?rest_route=\/wp\/v2\/posts"}],"about":[{"href":"https:\/\/haberbesiktas.tr\/index.php?rest_route=\/wp\/v2\/types\/post"}],"author":[{"embeddable":true,"href":"https:\/\/haberbesiktas.tr\/index.php?rest_route=\/wp\/v2\/users\/1"}],"replies":[{"embeddable":true,"href":"https:\/\/haberbesiktas.tr\/index.php?rest_route=%2Fwp%2Fv2%2Fcomments&post=9436"}],"version-history":[{"count":1,"href":"https:\/\/haberbesiktas.tr\/index.php?rest_route=\/wp\/v2\/posts\/9436\/revisions"}],"predecessor-version":[{"id":9438,"href":"https:\/\/haberbesiktas.tr\/index.php?rest_route=\/wp\/v2\/posts\/9436\/revisions\/9438"}],"wp:featuredmedia":[{"embeddable":true,"href":"https:\/\/haberbesiktas.tr\/index.php?rest_route=\/wp\/v2\/media\/9437"}],"wp:attachment":[{"href":"https:\/\/haberbesiktas.tr\/index.php?rest_route=%2Fwp%2Fv2%2Fmedia&parent=9436"}],"wp:term":[{"taxonomy":"category","embeddable":true,"href":"https:\/\/haberbesiktas.tr\/index.php?rest_route=%2Fwp%2Fv2%2Fcategories&post=9436"},{"taxonomy":"post_tag","embeddable":true,"href":"https:\/\/haberbesiktas.tr\/index.php?rest_route=%2Fwp%2Fv2%2Ftags&post=9436"}],"curies":[{"name":"wp","href":"https:\/\/api.w.org\/{rel}","templated":true}]}}