{"id":9439,"date":"2025-02-16T17:00:08","date_gmt":"2025-02-16T17:00:08","guid":{"rendered":"https:\/\/haberbesiktas.tr\/?p=9439"},"modified":"2025-02-16T17:00:08","modified_gmt":"2025-02-16T17:00:08","slug":"filip-kostic-icin-ayrilik-iddiasi","status":"publish","type":"post","link":"https:\/\/haberbesiktas.tr\/?p=9439","title":{"rendered":"Filip Kostic i\u00e7in ayr\u0131l\u0131k iddias\u0131!"},"content":{"rendered":"<div>Fenerbah\u00e7e&#8217;nin yaz transfer periyodunda Juventus&#8217;tan kiralad\u0131\u011f\u0131 Filip Kostic i\u00e7in fla\u015f bir arg\u00fcman g\u00fcndeme geldi.<\/p>\n<p> \u0130talyan bas\u0131n\u0131nda yer alan habere nazaran, Fenerbah\u00e7e&#8217;nin, S\u0131rp futbolcunun performans\u0131ndan \u015fad olmad\u0131\u011f\u0131 belirtildi. Fenerbah\u00e7e&#8217;nin bu nedenle Kostic&#8217;in mukavelesinde yer alan 6 milyon euro&#8217;luk sat\u0131n alma opsiyonunu kullanmamay\u0131 d\u00fc\u015f\u00fcnd\u00fc\u011f\u00fc ve 32 ya\u015f\u0131ndaki futbolcunun yaz aylar\u0131nda Juventus&#8217;a geri d\u00f6nebilece\u011fi \u00f6ne s\u00fcr\u00fcld\u00fc.<\/p>\n<p> Fenerbah\u00e7e formas\u0131 alt\u0131nda bu d\u00f6nem 14 ma\u00e7ta alana \u00e7\u0131kan Kostic, 1 gol att\u0131 ve 4 asist yapt\u0131.<\/p>\n<\/div>\n","protected":false},"excerpt":{"rendered":"<p>Fenerbah\u00e7e, yaz transfer periyodunda Juventus&#8217;tan kiralad\u0131\u011f\u0131 Filip Kostic&#8217;in sat\u0131n alma opsiyonunu kullanmay\u0131 d\u00fc\u015f\u00fcnm\u00fcyor.<\/p>\n","protected":false},"author":1,"featured_media":9440,"comment_status":"open","ping_status":"open","sticky":false,"template":"","format":"standard","meta":{"footnotes":""},"categories":[25],"tags":[],"class_list":["post-9439","post","type-post","status-publish","format-standard","has-post-thumbnail","hentry","category-futbol"],"_links":{"self":[{"href":"https:\/\/haberbesiktas.tr\/index.php?rest_route=\/wp\/v2\/posts\/9439","targetHints":{"allow":["GET"]}}],"collection":[{"href":"https:\/\/haberbesiktas.tr\/index.php?rest_route=\/wp\/v2\/posts"}],"about":[{"href":"https:\/\/haberbesiktas.tr\/index.php?rest_route=\/wp\/v2\/types\/post"}],"author":[{"embeddable":true,"href":"https:\/\/haberbesiktas.tr\/index.php?rest_route=\/wp\/v2\/users\/1"}],"replies":[{"embeddable":true,"href":"https:\/\/haberbesiktas.tr\/index.php?rest_route=%2Fwp%2Fv2%2Fcomments&post=9439"}],"version-history":[{"count":1,"href":"https:\/\/haberbesiktas.tr\/index.php?rest_route=\/wp\/v2\/posts\/9439\/revisions"}],"predecessor-version":[{"id":9441,"href":"https:\/\/haberbesiktas.tr\/index.php?rest_route=\/wp\/v2\/posts\/9439\/revisions\/9441"}],"wp:featuredmedia":[{"embeddable":true,"href":"https:\/\/haberbesiktas.tr\/index.php?rest_route=\/wp\/v2\/media\/9440"}],"wp:attachment":[{"href":"https:\/\/haberbesiktas.tr\/index.php?rest_route=%2Fwp%2Fv2%2Fmedia&parent=9439"}],"wp:term":[{"taxonomy":"category","embeddable":true,"href":"https:\/\/haberbesiktas.tr\/index.php?rest_route=%2Fwp%2Fv2%2Fcategories&post=9439"},{"taxonomy":"post_tag","embeddable":true,"href":"https:\/\/haberbesiktas.tr\/index.php?rest_route=%2Fwp%2Fv2%2Ftags&post=9439"}],"curies":[{"name":"wp","href":"https:\/\/api.w.org\/{rel}","templated":true}]}}