{"id":9442,"date":"2025-02-16T17:12:08","date_gmt":"2025-02-16T17:12:08","guid":{"rendered":"https:\/\/haberbesiktas.tr\/?p=9442"},"modified":"2025-02-16T17:12:08","modified_gmt":"2025-02-16T17:12:08","slug":"basaksehir-3-eksikle-alanya-deplasmaninda","status":"publish","type":"post","link":"https:\/\/haberbesiktas.tr\/?p=9442","title":{"rendered":"Ba\u015fak\u015fehir, 3 eksikle Alanya deplasman\u0131nda"},"content":{"rendered":"<div>RAMS Ba\u015fak\u015fehir, Trendyol Muhte\u015fem Lig&#8217;in 21. haftas\u0131nda cumartesi g\u00fcn\u00fc Corendon Alanyaspor&#8217;a konuk olacak.<\/p>\n<p> GA\u0130N Park&#8217;ta oynanacak kar\u015f\u0131la\u015fma, saat 16.00&#8217;da ba\u015flayacak. M\u00fcsabakay\u0131 hakem Emre Karg\u0131n y\u00f6netecek.<\/p>\n<p> S\u00fcper Lig&#8217;de \u00e7\u0131kt\u0131\u011f\u0131 19 ma\u00e7ta 8 galibiyet, 5 beraberlik ve 6 ma\u011flubiyet ya\u015fayan Ba\u015fak\u015fehir, 29 puanla 7. s\u0131rada yer ald\u0131.<\/p>\n<p> Ligin geride kalan k\u0131sm\u0131nda hanesine 22 puan yazd\u0131ran Alanyaspor ise haftaya 11. basamakta girdi.<\/p>\n<p> <strong>Ba\u015fak\u015fehir&#8217;de 3 eksik<\/strong><\/p>\n<p> RAMS Ba\u015fak\u015fehir&#8217;de 3 futbolcu, Alanyaspor kar\u015f\u0131s\u0131nda forma giyemeyecek.<\/p>\n<p> Sar\u0131 kart cezal\u0131s\u0131 Onur Erg\u00fcn ile sakatl\u0131klar\u0131 bulunan Leo Duarte ve yeni transfer Christopher Operi, m\u00fcsabakada misyon yapamayacak.<\/p>\n<p> Turuncu-lacivertli tak\u0131mda Polonyal\u0131 santrfor Krzysztof Piatek, sar\u0131 kart cezas\u0131n\u0131 tamamlad\u0131. Bu sezon S\u00fcper Lig&#8217;de 13 gole imza atan Piatek, teknik y\u00f6netici \u00c7a\u011fda\u015f Atan&#8217;\u0131n talih vermesi halinde kadrodaki yerini alabilecek.<\/p>\n<p> <strong>\u0130ki grup ortas\u0131nda 18. randevu<\/strong><\/p>\n<p> RAMS Ba\u015fak\u015fehir ile Corendon Alanyaspor, S\u00fcper Lig&#8217;de 18. defa kar\u015f\u0131 kar\u015f\u0131ya gelecek.<\/p>\n<p> \u0130ki grup ortas\u0131nda 2016-2017 d\u00f6neminden bu yana oynanan 17 ma\u00e7\u0131n 7&#8217;sini Ba\u015fak\u015fehir, 5&#8217;ini Alanyaspor kazand\u0131. Be\u015f kar\u015f\u0131la\u015fma da beraberlikle sonu\u00e7land\u0131.<\/p>\n<p> Kelam konusu m\u00fcsabakalarda turuncu-lacivertliler 24 sefer fileleri havaland\u0131rd\u0131, Akdeniz temsilcisi ise 20 gol kaydetti.<\/p>\n<p> Ba\u015fak\u015fehir, ligin birinci yar\u0131s\u0131nda \u0130stanbul&#8217;da oynanan gayrette Alanyaspor&#8217;u 4-2 ma\u011flup etti.<\/p>\n<p> \u00a0<\/p>\n<\/div>\n","protected":false},"excerpt":{"rendered":"<p>RAMS Ba\u015fak\u015fehir, Muhte\u015fem Lig&#8217;in 21. haftas\u0131nda cumartesi g\u00fcn\u00fc Alanyaspor&#8217;a konuk olacak.<\/p>\n","protected":false},"author":1,"featured_media":9443,"comment_status":"open","ping_status":"open","sticky":false,"template":"","format":"standard","meta":{"footnotes":""},"categories":[25],"tags":[296,301],"class_list":["post-9442","post","type-post","status-publish","format-standard","has-post-thumbnail","hentry","category-futbol","tag-alanyaspor","tag-basaksehir"],"_links":{"self":[{"href":"https:\/\/haberbesiktas.tr\/index.php?rest_route=\/wp\/v2\/posts\/9442","targetHints":{"allow":["GET"]}}],"collection":[{"href":"https:\/\/haberbesiktas.tr\/index.php?rest_route=\/wp\/v2\/posts"}],"about":[{"href":"https:\/\/haberbesiktas.tr\/index.php?rest_route=\/wp\/v2\/types\/post"}],"author":[{"embeddable":true,"href":"https:\/\/haberbesiktas.tr\/index.php?rest_route=\/wp\/v2\/users\/1"}],"replies":[{"embeddable":true,"href":"https:\/\/haberbesiktas.tr\/index.php?rest_route=%2Fwp%2Fv2%2Fcomments&post=9442"}],"version-history":[{"count":1,"href":"https:\/\/haberbesiktas.tr\/index.php?rest_route=\/wp\/v2\/posts\/9442\/revisions"}],"predecessor-version":[{"id":9444,"href":"https:\/\/haberbesiktas.tr\/index.php?rest_route=\/wp\/v2\/posts\/9442\/revisions\/9444"}],"wp:featuredmedia":[{"embeddable":true,"href":"https:\/\/haberbesiktas.tr\/index.php?rest_route=\/wp\/v2\/media\/9443"}],"wp:attachment":[{"href":"https:\/\/haberbesiktas.tr\/index.php?rest_route=%2Fwp%2Fv2%2Fmedia&parent=9442"}],"wp:term":[{"taxonomy":"category","embeddable":true,"href":"https:\/\/haberbesiktas.tr\/index.php?rest_route=%2Fwp%2Fv2%2Fcategories&post=9442"},{"taxonomy":"post_tag","embeddable":true,"href":"https:\/\/haberbesiktas.tr\/index.php?rest_route=%2Fwp%2Fv2%2Ftags&post=9442"}],"curies":[{"name":"wp","href":"https:\/\/api.w.org\/{rel}","templated":true}]}}