{"id":9448,"date":"2025-02-16T17:36:06","date_gmt":"2025-02-16T17:36:06","guid":{"rendered":"https:\/\/haberbesiktas.tr\/?p=9448"},"modified":"2025-02-16T17:36:06","modified_gmt":"2025-02-16T17:36:06","slug":"busra-ceylin-coskun-judoda-avrupa-ucuncusu","status":"publish","type":"post","link":"https:\/\/haberbesiktas.tr\/?p=9448","title":{"rendered":"B\u00fc\u015fra Ceylin Co\u015fkun judoda Avrupa \u00fc\u00e7\u00fcnc\u00fcs\u00fc"},"content":{"rendered":"<p>Cimnastik antren\u00f6r\u00fcn\u00fcn tavsiyesi \u00fczerine judoya ba\u015flayan B\u00fc\u015fra Ceylin Co\u015fkun, Avrupa kupas\u0131 ve d\u00fcnya \u015fampiyonas\u0131nda yeni ba\u015far\u0131lara ula\u015fmaya odakland\u0131.<\/p>\n<p> Cimnastik ile 8 ya\u015f\u0131nda tan\u0131\u015fan Co\u015fkun, bu spor k\u0131sm\u0131na daha k\u00fc\u00e7\u00fck ya\u015flarda ba\u015flamas\u0131 gerekti\u011fini \u00f6\u011frenince, antren\u00f6r\u00fcn\u00fcn tavsiyesi ile judoya y\u00f6nlendi. 16 ya\u015f\u0131ndaki ulusal atlet, ge\u00e7en m\u00fcddette judoda ba\u015far\u0131l\u0131 sonu\u00e7lara imza atarak, 7 defa T\u00fcrkiye \u015fampiyonlu\u011fu ile \u00fcmitlerde Avrupa \u00fc\u00e7\u00fcnc\u00fcl\u00fc\u011f\u00fc elde etti.<\/p>\n<p> Bosna Hersek&#8217;te 8-9 \u015eubat&#8217;ta d\u00fczenlenecek Gen\u00e7ler Avrupa Kupas\u0131&#8217;na Trabzon Olimpiyat Haz\u0131rl\u0131k ve Kamp E\u011fitim Merkezi&#8217;ndeki kampta haz\u0131rlanan B\u00fc\u015fra Pelin Co\u015fkun, AA muhabirine, spora arkada\u015f\u0131n\u0131n sayesinde cimnastikle ba\u015flad\u0131\u011f\u0131n\u0131 s\u00f6yledi.<\/p>\n<p> Cimnastik antren\u00f6r\u00fcn kendisini judoya y\u00f6nlendirdi\u011fini lisana getiren ulusal atlet, &#8220;Orada bir ya\u015f hududu varm\u0131\u015f. Cimnastik yapmay\u0131 b\u0131rak\u0131nca antren\u00f6r\u00fcm judoya y\u00f6nlendirdi. Burada Handan hocay\u0131 sevdim, onunla birlikte 8 y\u0131ld\u0131r gidip, geliyoruz.&#8221; dedi.<\/p>\n<p> Co\u015fkun, 8 y\u0131l i\u00e7inde judoda bir\u00e7ok derece ald\u0131\u011f\u0131na de\u011finerek, &#8220;2024&#8217;te \u00fcm\u00fctlerde Avrupa \u00fc\u00e7\u00fcnc\u00fcl\u00fc\u011f\u00fc elde ettim. Onun d\u0131\u015f\u0131nda T\u00fcrkiye&#8217;de derecelerim var. D\u00fcnya \u015fampiyonlu\u011funda yedincilik elde ettim. \u0130n\u015fallah daha d\u00fczg\u00fcnleri bu sene gelecek. Gayem gelecekte olimpiyatlar.&#8221; tabirlerini kulland\u0131.<\/p>\n<p> Spora yatk\u0131n bir ailede b\u00fcy\u00fcd\u00fc\u011f\u00fcn\u00fc aktaran Co\u015fkun, karde\u015finin de kendisini \u00f6rnek alarak judoya ba\u015flad\u0131\u011f\u0131n\u0131 ve bu sene resmi kar\u015f\u0131la\u015fmalara \u00e7\u0131kaca\u011f\u0131n\u0131 kaydetti.\u00a0<\/p>\n<p> <strong>&#8211; &#8220;Cimnastikten esneklikle haz\u0131r gelmi\u015fti&#8221;<\/strong><\/p>\n<p> Kocaeli B\u00fcy\u00fck\u015fehir Belediyesi Ka\u011f\u0131tspor ve Ulusal Kadro antren\u00f6r\u00fc Handan S\u00fclo\u011flu ise altyap\u0131dan yeti\u015ftirdi\u011fi atletlerden birisi olan B\u00fc\u015fra Pelin Co\u015fkun ile 8 y\u0131ld\u0131r \u00e7al\u0131\u015ft\u0131klar\u0131n\u0131 s\u00f6yledi.<\/p>\n<p> Ulusal sportmen ile gelecek maksatlar\u0131 oldu\u011funa de\u011finen S\u00fclo\u011flu, &#8220;Avrupa&#8217;da derece ald\u0131k. \u0130n\u015fallah maksad\u0131m\u0131z bu y\u0131lki d\u00fcnya ve 2028 Olimpiyatlar\u0131. Bu halde devam ediyoruz. \u0130n\u015fallah sakatl\u0131k olmadan uygun bir y\u0131l ge\u00e7iririz.&#8221; s\u00f6zlerini kulland\u0131.<\/p>\n<p> Judo ile cimnasti\u011fin birbirini destekledi\u011fine dikkati \u00e7eken S\u00fclo\u011flu, &#8220;Tabii ki judo esneklik gerektiren bir spor, esnek olman\u0131z gerekiyor. Esasen B\u00fc\u015fra cimnastikten esneklikle haz\u0131r gelmi\u015fti. \u00c7ok da h\u0131rsl\u0131 bir \u00e7ocuk zati. Yetenek ve disiplin de \u00fcst\u00fcne gelince ba\u015far\u0131y\u0131 yakalad\u0131k.&#8221; diye konu\u015ftu.<strong>\u00a0<\/strong><\/p>\n<p> <strong>&#8211; &#8220;Bir tane egzersiz ka\u00e7\u0131rmam\u0131\u015f \u00e7ocuk&#8221;<\/strong><\/p>\n<p> S\u00fclo\u011flu, atletinin disiplinli ve yetenekli oldu\u011funa i\u015faret ederek, \u015funlar\u0131 kaydetti:<\/p>\n<p> &#8220;B\u00fc\u015fra geldi\u011fi g\u00fcnden beri motorik \u00f6zellikleri \u00e7ok \u00e2l\u00e2 bir \u00e7ocuk. \u00c7ok yetenekli ve disiplinli. Judoya ba\u015flad\u0131\u011f\u0131 g\u00fcnden beri bir tane egzersiz ka\u00e7\u0131rmam\u0131\u015f \u00e7ocuk. Biz bir pandemi atlatt\u0131k. Pandemide bile birlikte hi\u00e7 durmadan \u00e7al\u0131\u015ft\u0131k. Amaca yava\u015f yava\u015f ilerliyoruz. Birinci maksad\u0131m\u0131z Avrupa \u015eampiyonas\u0131&#8217;yd\u0131, in\u015fallah bu sene d\u00fcnya \u015fampiyonas\u0131 kataca\u011f\u0131z \u00fcst\u00fcne. 2028 Olimpiyatlar\u0131na kat\u0131lmay\u0131 istiyoruz, bunun i\u00e7in \u00e7ok \u00e7al\u0131\u015faca\u011f\u0131z.&#8221;<\/p>\n","protected":false},"excerpt":{"rendered":"<p>Arkada\u015f\u0131n\u0131n tavsiyesi \u00fczerine ba\u015flad\u0131\u011f\u0131 cimnasti\u011fi ya\u015f sonu nedeniyle b\u0131rakmak zorunda kalan B\u00fc\u015fra Ceylin Co\u015fkun, judoda 7 T\u00fcrkiye \u015fampiyonlu\u011funun yan\u0131 s\u0131ra Avrupa \u00fc\u00e7\u00fcnc\u00fcl\u00fc\u011f\u00fc kazand\u0131.<\/p>\n","protected":false},"author":1,"featured_media":9449,"comment_status":"open","ping_status":"open","sticky":false,"template":"","format":"standard","meta":{"footnotes":""},"categories":[27],"tags":[1126,205,1125,1127,65],"class_list":["post-9448","post","type-post","status-publish","format-standard","has-post-thumbnail","hentry","category-guncel-haberler","tag-antrenoru","tag-avrupa","tag-cimnastik","tag-coskun","tag-spor"],"_links":{"self":[{"href":"https:\/\/haberbesiktas.tr\/index.php?rest_route=\/wp\/v2\/posts\/9448","targetHints":{"allow":["GET"]}}],"collection":[{"href":"https:\/\/haberbesiktas.tr\/index.php?rest_route=\/wp\/v2\/posts"}],"about":[{"href":"https:\/\/haberbesiktas.tr\/index.php?rest_route=\/wp\/v2\/types\/post"}],"author":[{"embeddable":true,"href":"https:\/\/haberbesiktas.tr\/index.php?rest_route=\/wp\/v2\/users\/1"}],"replies":[{"embeddable":true,"href":"https:\/\/haberbesiktas.tr\/index.php?rest_route=%2Fwp%2Fv2%2Fcomments&post=9448"}],"version-history":[{"count":1,"href":"https:\/\/haberbesiktas.tr\/index.php?rest_route=\/wp\/v2\/posts\/9448\/revisions"}],"predecessor-version":[{"id":9450,"href":"https:\/\/haberbesiktas.tr\/index.php?rest_route=\/wp\/v2\/posts\/9448\/revisions\/9450"}],"wp:featuredmedia":[{"embeddable":true,"href":"https:\/\/haberbesiktas.tr\/index.php?rest_route=\/wp\/v2\/media\/9449"}],"wp:attachment":[{"href":"https:\/\/haberbesiktas.tr\/index.php?rest_route=%2Fwp%2Fv2%2Fmedia&parent=9448"}],"wp:term":[{"taxonomy":"category","embeddable":true,"href":"https:\/\/haberbesiktas.tr\/index.php?rest_route=%2Fwp%2Fv2%2Fcategories&post=9448"},{"taxonomy":"post_tag","embeddable":true,"href":"https:\/\/haberbesiktas.tr\/index.php?rest_route=%2Fwp%2Fv2%2Ftags&post=9448"}],"curies":[{"name":"wp","href":"https:\/\/api.w.org\/{rel}","templated":true}]}}