{"id":9615,"date":"2025-02-17T09:00:09","date_gmt":"2025-02-17T09:00:09","guid":{"rendered":"https:\/\/haberbesiktas.tr\/?p=9615"},"modified":"2025-02-17T09:00:09","modified_gmt":"2025-02-17T09:00:09","slug":"fenerbahceye-mujdeli-haber-ismail-yuksek","status":"publish","type":"post","link":"https:\/\/haberbesiktas.tr\/?p=9615","title":{"rendered":"Fenerbah\u00e7e&#8217;ye m\u00fcjdeli haber: \u0130smail Y\u00fcksek"},"content":{"rendered":"<div>G\u00f6ztepe ma\u00e7\u0131 \u00f6ncesinde Fenerbah\u00e7e&#8217;ye m\u00fcjdeli bir haber geldi.<\/p>\n<p>Yakla\u015f\u0131k 3 haftad\u0131r sakatl\u0131\u011f\u0131 sebebiyle alanlardan uzak kalan \u0130smail Y\u00fcksek, sakatl\u0131\u011f\u0131n\u0131 atlatt\u0131 ve G\u00f6ztepe ma\u00e7\u0131 \u00f6ncesinde kadroyla idmanlara ba\u015flad\u0131.<\/p>\n<p>TRT Spor&#8217;un haberine nazaran \u0130smail Y\u00fcksek&#8217;in G\u00f6ztepe ma\u00e7\u0131nda tak\u0131ma al\u0131nmas\u0131 bekleniyor.<\/p>\n<p>Fenerbah\u00e7e&#8217;nin Hatayspor&#8217;u 2-1 yendi\u011fi ma\u00e7ta sakatl\u0131k ya\u015fayan ulusal oyuncunun sa\u011f art adalesinde y\u0131rt\u0131k tespit edilmi\u015fti.<\/p><\/div>\n","protected":false},"excerpt":{"rendered":"<p>Fenerbah\u00e7e&#8217;de sakatl\u0131\u011f\u0131n\u0131 atlatan \u0130smail Y\u00fcksek, ekiple idmanlara ba\u015flad\u0131.<\/p>\n","protected":false},"author":1,"featured_media":9616,"comment_status":"open","ping_status":"open","sticky":false,"template":"","format":"standard","meta":{"footnotes":""},"categories":[25],"tags":[],"class_list":["post-9615","post","type-post","status-publish","format-standard","has-post-thumbnail","hentry","category-futbol"],"_links":{"self":[{"href":"https:\/\/haberbesiktas.tr\/index.php?rest_route=\/wp\/v2\/posts\/9615","targetHints":{"allow":["GET"]}}],"collection":[{"href":"https:\/\/haberbesiktas.tr\/index.php?rest_route=\/wp\/v2\/posts"}],"about":[{"href":"https:\/\/haberbesiktas.tr\/index.php?rest_route=\/wp\/v2\/types\/post"}],"author":[{"embeddable":true,"href":"https:\/\/haberbesiktas.tr\/index.php?rest_route=\/wp\/v2\/users\/1"}],"replies":[{"embeddable":true,"href":"https:\/\/haberbesiktas.tr\/index.php?rest_route=%2Fwp%2Fv2%2Fcomments&post=9615"}],"version-history":[{"count":1,"href":"https:\/\/haberbesiktas.tr\/index.php?rest_route=\/wp\/v2\/posts\/9615\/revisions"}],"predecessor-version":[{"id":9617,"href":"https:\/\/haberbesiktas.tr\/index.php?rest_route=\/wp\/v2\/posts\/9615\/revisions\/9617"}],"wp:featuredmedia":[{"embeddable":true,"href":"https:\/\/haberbesiktas.tr\/index.php?rest_route=\/wp\/v2\/media\/9616"}],"wp:attachment":[{"href":"https:\/\/haberbesiktas.tr\/index.php?rest_route=%2Fwp%2Fv2%2Fmedia&parent=9615"}],"wp:term":[{"taxonomy":"category","embeddable":true,"href":"https:\/\/haberbesiktas.tr\/index.php?rest_route=%2Fwp%2Fv2%2Fcategories&post=9615"},{"taxonomy":"post_tag","embeddable":true,"href":"https:\/\/haberbesiktas.tr\/index.php?rest_route=%2Fwp%2Fv2%2Ftags&post=9615"}],"curies":[{"name":"wp","href":"https:\/\/api.w.org\/{rel}","templated":true}]}}