{"id":9618,"date":"2025-02-17T09:12:06","date_gmt":"2025-02-17T09:12:06","guid":{"rendered":"https:\/\/haberbesiktas.tr\/?p=9618"},"modified":"2025-02-17T09:12:06","modified_gmt":"2025-02-17T09:12:06","slug":"galatasarayda-beklenen-haber-gabriel-sara","status":"publish","type":"post","link":"https:\/\/haberbesiktas.tr\/?p=9618","title":{"rendered":"Galatasaray&#8217;da beklenen haber: Gabriel Sara"},"content":{"rendered":"<div>Galatasaray&#8217;da Konyaspor ma\u00e7\u0131 \u00f6ncesi yap\u0131lan son antrenmanda teknik heyeti sevindiren bir geli\u015fme ya\u015fand\u0131.<\/p>\n<p>Bir m\u00fcddettir sakatl\u0131\u011f\u0131 sebebiyle gruptan uzak kalan Brezilyal\u0131 orta saha oyuncusu Gabriel Sara, Galatasaray&#8217;\u0131n Konyaspor ma\u00e7\u0131 haz\u0131rl\u0131klar\u0131 kapsam\u0131nda yapt\u0131\u011f\u0131 son antrenmanda kadroyla \u00e7al\u0131\u015ft\u0131.<\/p>\n<p>Sakatl\u0131\u011f\u0131n\u0131 atlatan ve haz\u0131r durumda bulunan Gabriel Sara, Okan Buruk&#8217;un baht vermesi halinde Konyaspor ma\u00e7\u0131nda forma baht\u0131 bulabilecek durumda.<\/p>\n<p>Okan Buruk&#8217;un Sara&#8217;y\u0131 tak\u0131ma almas\u0131 fakat birinci 11&#8217;de ba\u015flatmamas\u0131 bekleniyor.<\/p><\/div>\n","protected":false},"excerpt":{"rendered":"<p>Galatasaray&#8217;da Konyaspor ma\u00e7\u0131 \u00f6ncesi yap\u0131lan son egzersize sakatl\u0131\u011f\u0131n\u0131 atlatan Gabriel Sara da kat\u0131ld\u0131.<\/p>\n","protected":false},"author":1,"featured_media":9619,"comment_status":"open","ping_status":"open","sticky":false,"template":"","format":"standard","meta":{"footnotes":""},"categories":[25],"tags":[],"class_list":["post-9618","post","type-post","status-publish","format-standard","has-post-thumbnail","hentry","category-futbol"],"_links":{"self":[{"href":"https:\/\/haberbesiktas.tr\/index.php?rest_route=\/wp\/v2\/posts\/9618","targetHints":{"allow":["GET"]}}],"collection":[{"href":"https:\/\/haberbesiktas.tr\/index.php?rest_route=\/wp\/v2\/posts"}],"about":[{"href":"https:\/\/haberbesiktas.tr\/index.php?rest_route=\/wp\/v2\/types\/post"}],"author":[{"embeddable":true,"href":"https:\/\/haberbesiktas.tr\/index.php?rest_route=\/wp\/v2\/users\/1"}],"replies":[{"embeddable":true,"href":"https:\/\/haberbesiktas.tr\/index.php?rest_route=%2Fwp%2Fv2%2Fcomments&post=9618"}],"version-history":[{"count":1,"href":"https:\/\/haberbesiktas.tr\/index.php?rest_route=\/wp\/v2\/posts\/9618\/revisions"}],"predecessor-version":[{"id":9620,"href":"https:\/\/haberbesiktas.tr\/index.php?rest_route=\/wp\/v2\/posts\/9618\/revisions\/9620"}],"wp:featuredmedia":[{"embeddable":true,"href":"https:\/\/haberbesiktas.tr\/index.php?rest_route=\/wp\/v2\/media\/9619"}],"wp:attachment":[{"href":"https:\/\/haberbesiktas.tr\/index.php?rest_route=%2Fwp%2Fv2%2Fmedia&parent=9618"}],"wp:term":[{"taxonomy":"category","embeddable":true,"href":"https:\/\/haberbesiktas.tr\/index.php?rest_route=%2Fwp%2Fv2%2Fcategories&post=9618"},{"taxonomy":"post_tag","embeddable":true,"href":"https:\/\/haberbesiktas.tr\/index.php?rest_route=%2Fwp%2Fv2%2Ftags&post=9618"}],"curies":[{"name":"wp","href":"https:\/\/api.w.org\/{rel}","templated":true}]}}