{"id":9627,"date":"2025-02-17T09:48:05","date_gmt":"2025-02-17T09:48:05","guid":{"rendered":"https:\/\/haberbesiktas.tr\/?p=9627"},"modified":"2025-02-17T09:48:05","modified_gmt":"2025-02-17T09:48:05","slug":"getafe-teknik-direktorunden-hansi-flicke-bahane-uretiyorlar","status":"publish","type":"post","link":"https:\/\/haberbesiktas.tr\/?p=9627","title":{"rendered":"Getafe teknik direkt\u00f6r\u00fcnden Hansi Flick&#8217;e: &#8220;Bahane \u00fcretiyorlar&#8221;"},"content":{"rendered":"<div>\n<p>\u0130spanya La Liga tak\u0131mlar\u0131ndan Getafe&#8217;nin teknik y\u00f6neticisi Jose Bordalas, Hansi Flick&#8217;in ma\u00e7 sonu s\u00f6yledi\u011fi kelamlara yan\u0131t verdi.<\/p>\n<p> Getafe&#8217;nin \u0130spanyol \u00e7al\u0131\u015ft\u0131r\u0131c\u0131s\u0131 Bordalas, <strong>&#8220;Ma\u00e7lar\u0131n\u0131z\u0131n y\u00fczde 90&#8217;\u0131n\u0131 kazand\u0131\u011f\u0131n\u0131zda centilmen olmak kolay. Kazanamay\u0131nca mazeret \u00fcretiyorlar.&#8221;<\/strong> dedi.<\/p>\n<p> 60 ya\u015f\u0131ndaki deneyimli \u00e7al\u0131\u015ft\u0131r\u0131c\u0131 son olarak <strong>&#8220;Bana h\u00fcrmet duyana ben de h\u00fcrmet duyar\u0131m. Kazanamad\u0131\u011f\u0131n\u0131z vakit bunlar mazeret olur. Ma\u00e7lar\u0131n y\u00fczde 90&#8217;\u0131n\u0131 kazand\u0131\u011f\u0131n\u0131zda centilmen olmak kolayd\u0131r lakin kaybetti\u011finizde de centilmen olmal\u0131s\u0131n\u0131z.&#8221;<\/strong> tabirlerini kulland\u0131.<\/p>\n<p> <strong>NE OLMU\u015eTU?<\/strong><\/p>\n<p> Barcelona teknik y\u00f6neticisi Hansi Flick, \u0130spanya La Liga&#8217;n\u0131n 20. hafta ma\u00e7\u0131nda deplasmanda Getafe ile 1-1 berabere kald\u0131klar\u0131 gayretin akabinde <strong>&#8220;Getafe&#8217;ye kar\u015f\u0131 oynamak rahats\u0131z edici.&#8221;<\/strong> demi\u015fti.<\/p>\n<\/div>\n","protected":false},"excerpt":{"rendered":"<p>Getafe Teknik Y\u00f6neticisi Jose Bordalas, alan\u0131nda Barcelona ile 1-1 berabere kald\u0131\u011f\u0131 ma\u00e7\u0131n akabinde, Barcelona Teknik Y\u00f6neticisi Hansi Flick&#8217;in yapt\u0131\u011f\u0131 a\u00e7\u0131klamalara cevap verdi.<\/p>\n","protected":false},"author":1,"featured_media":9628,"comment_status":"open","ping_status":"open","sticky":false,"template":"","format":"standard","meta":{"footnotes":""},"categories":[25],"tags":[],"class_list":["post-9627","post","type-post","status-publish","format-standard","has-post-thumbnail","hentry","category-futbol"],"_links":{"self":[{"href":"https:\/\/haberbesiktas.tr\/index.php?rest_route=\/wp\/v2\/posts\/9627","targetHints":{"allow":["GET"]}}],"collection":[{"href":"https:\/\/haberbesiktas.tr\/index.php?rest_route=\/wp\/v2\/posts"}],"about":[{"href":"https:\/\/haberbesiktas.tr\/index.php?rest_route=\/wp\/v2\/types\/post"}],"author":[{"embeddable":true,"href":"https:\/\/haberbesiktas.tr\/index.php?rest_route=\/wp\/v2\/users\/1"}],"replies":[{"embeddable":true,"href":"https:\/\/haberbesiktas.tr\/index.php?rest_route=%2Fwp%2Fv2%2Fcomments&post=9627"}],"version-history":[{"count":1,"href":"https:\/\/haberbesiktas.tr\/index.php?rest_route=\/wp\/v2\/posts\/9627\/revisions"}],"predecessor-version":[{"id":9629,"href":"https:\/\/haberbesiktas.tr\/index.php?rest_route=\/wp\/v2\/posts\/9627\/revisions\/9629"}],"wp:featuredmedia":[{"embeddable":true,"href":"https:\/\/haberbesiktas.tr\/index.php?rest_route=\/wp\/v2\/media\/9628"}],"wp:attachment":[{"href":"https:\/\/haberbesiktas.tr\/index.php?rest_route=%2Fwp%2Fv2%2Fmedia&parent=9627"}],"wp:term":[{"taxonomy":"category","embeddable":true,"href":"https:\/\/haberbesiktas.tr\/index.php?rest_route=%2Fwp%2Fv2%2Fcategories&post=9627"},{"taxonomy":"post_tag","embeddable":true,"href":"https:\/\/haberbesiktas.tr\/index.php?rest_route=%2Fwp%2Fv2%2Ftags&post=9627"}],"curies":[{"name":"wp","href":"https:\/\/api.w.org\/{rel}","templated":true}]}}