{"id":9636,"date":"2025-02-17T11:00:08","date_gmt":"2025-02-17T11:00:08","guid":{"rendered":"https:\/\/haberbesiktas.tr\/?p=9636"},"modified":"2025-02-17T11:00:08","modified_gmt":"2025-02-17T11:00:08","slug":"besiktasta-ayrilik-gelismesi-can-keles","status":"publish","type":"post","link":"https:\/\/haberbesiktas.tr\/?p=9636","title":{"rendered":"Be\u015fikta\u015f&#8217;ta ayr\u0131l\u0131k geli\u015fmesi: Can Kele\u015f"},"content":{"rendered":"<div>Teknik y\u00f6neticilik vazifesine Ole Gunnar Solskjaer&#8217;i getiren Be\u015fikta\u015f&#8217;ta trasnfer geli\u015fmelerinin yan\u0131 s\u0131ra ayr\u0131l\u0131k geli\u015fmeleri de ya\u015fan\u0131yor.<\/p>\n<p> Ya\u011f\u0131z Sabuncuo\u011flu&#8217;nun haberine nazaran; Kas\u0131mpa\u015fa, Be\u015fikta\u015f formas\u0131 giyen Can Kele\u015f&#8217;i kiral\u0131k olarak tak\u0131m\u0131na katmak i\u00e7in g\u00f6r\u00fc\u015fmelere ba\u015flad\u0131.<\/p>\n<p> 23 ya\u015f\u0131ndaki kanat oyuncusu, d\u00f6nem ba\u015f\u0131nda 2 milyon euro kar\u015f\u0131l\u0131\u011f\u0131nda Fatih Karag\u00fcmr\u00fck&#8217;ten Be\u015fikta\u015f&#8217;a transfer olmu\u015ftu.<\/p>\n<p> Can Kele\u015f, bu d\u00f6nem Be\u015fikta\u015f formas\u0131yla 6 resmi ma\u00e7ta 101 dakika alanda kald\u0131.<\/p>\n<\/div>\n","protected":false},"excerpt":{"rendered":"<p>Kas\u0131mpa\u015fa, Be\u015fikta\u015f formas\u0131 giyen Can Kele\u015f&#8217;i kiral\u0131k olarak tak\u0131m\u0131na katmak i\u00e7in g\u00f6r\u00fc\u015fmelere ba\u015flad\u0131.<\/p>\n","protected":false},"author":1,"featured_media":9637,"comment_status":"open","ping_status":"open","sticky":false,"template":"","format":"standard","meta":{"footnotes":""},"categories":[25],"tags":[],"class_list":["post-9636","post","type-post","status-publish","format-standard","has-post-thumbnail","hentry","category-futbol"],"_links":{"self":[{"href":"https:\/\/haberbesiktas.tr\/index.php?rest_route=\/wp\/v2\/posts\/9636","targetHints":{"allow":["GET"]}}],"collection":[{"href":"https:\/\/haberbesiktas.tr\/index.php?rest_route=\/wp\/v2\/posts"}],"about":[{"href":"https:\/\/haberbesiktas.tr\/index.php?rest_route=\/wp\/v2\/types\/post"}],"author":[{"embeddable":true,"href":"https:\/\/haberbesiktas.tr\/index.php?rest_route=\/wp\/v2\/users\/1"}],"replies":[{"embeddable":true,"href":"https:\/\/haberbesiktas.tr\/index.php?rest_route=%2Fwp%2Fv2%2Fcomments&post=9636"}],"version-history":[{"count":1,"href":"https:\/\/haberbesiktas.tr\/index.php?rest_route=\/wp\/v2\/posts\/9636\/revisions"}],"predecessor-version":[{"id":9638,"href":"https:\/\/haberbesiktas.tr\/index.php?rest_route=\/wp\/v2\/posts\/9636\/revisions\/9638"}],"wp:featuredmedia":[{"embeddable":true,"href":"https:\/\/haberbesiktas.tr\/index.php?rest_route=\/wp\/v2\/media\/9637"}],"wp:attachment":[{"href":"https:\/\/haberbesiktas.tr\/index.php?rest_route=%2Fwp%2Fv2%2Fmedia&parent=9636"}],"wp:term":[{"taxonomy":"category","embeddable":true,"href":"https:\/\/haberbesiktas.tr\/index.php?rest_route=%2Fwp%2Fv2%2Fcategories&post=9636"},{"taxonomy":"post_tag","embeddable":true,"href":"https:\/\/haberbesiktas.tr\/index.php?rest_route=%2Fwp%2Fv2%2Ftags&post=9636"}],"curies":[{"name":"wp","href":"https:\/\/api.w.org\/{rel}","templated":true}]}}