{"id":9683,"date":"2025-02-17T15:12:06","date_gmt":"2025-02-17T15:12:06","guid":{"rendered":"https:\/\/haberbesiktas.tr\/?p=9683"},"modified":"2025-02-17T15:12:06","modified_gmt":"2025-02-17T15:12:06","slug":"selcuk-inan-yemememiz-gereken-2-golu-yedik-ve-maci-kaybettik","status":"publish","type":"post","link":"https:\/\/haberbesiktas.tr\/?p=9683","title":{"rendered":"Sel\u00e7uk \u0130nan: &#8220;Yemememiz gereken 2 gol\u00fc yedik ve ma\u00e7\u0131 kaybettik&#8221;"},"content":{"rendered":"<div>\n<p>Trendyol Harika Lig&#8217;in 21. haftas\u0131nda deplasmanda Reeder Samsunspor&#8217;a 2-1 yenilen Gaziantep FK&#8217;nin teknik y\u00f6neticisi Sel\u00e7uk \u0130nan, &#8220;Yemememiz gereken 2 gol\u00fc yedik ve ma\u00e7\u0131 kaybettik.&#8221; dedi.<\/p>\n<p> \u0130nan, ma\u00e7\u0131n akabinde d\u00fczenlenen bas\u0131n toplant\u0131s\u0131nda, Bolu Kartalkaya&#8217;daki yang\u0131ndan dolay \u00fczg\u00fcn oldu\u011funu ve hayat\u0131n\u0131 kaybedenlerin ailelerine ba\u015fsa\u011fl\u0131\u011f\u0131 diledi.\u00a0<\/p>\n<p> Samsun&#8217;un s\u0131k\u0131nt\u0131 bir deplasman oldu\u011funu belirten \u0130nan,<strong> &#8220;Samsunspor \u00e7\u0131k\u0131\u015fta olan bir ekip. Bunun fark\u0131ndayd\u0131k, bask\u0131l\u0131 ba\u015flayacaklar\u0131n\u0131 biliyorduk. Temelinde \u00e2l\u00e2 haz\u0131rland\u0131\u011f\u0131m\u0131z\u0131 d\u00fc\u015f\u00fcn\u00fcyorum. Birinci yar\u0131 maksad\u0131m\u0131za asl\u0131nda bir yerde ula\u015ft\u0131k, ger\u00e7ek durduk. Ofansif a\u00e7\u0131dan do\u011fal birebir \u015feyleri s\u00f6yleyemeyece\u011fim. Oyuncular\u0131m\u0131z tahminen de bug\u00fcn ofansif olarak performans\u0131 tam istedi\u011fim d\u00fczeyde de\u011fildi, bilhassa birinci yar\u0131. Hasebiyle da \u00e7ok ho\u015fuma gitmeyen, vakit zaman bir birinci yar\u0131 olmas\u0131na kar\u015f\u0131n ikinci yar\u0131 ekibin yeterli \u00e7aba eden bir konuma gelmesi ve bu tepkisi g\u00f6stermesi benim i\u00e7in \u00e7ok k\u0131ymetliydi. \u0130kinci yar\u0131 bask\u0131l\u0131 ba\u015flad\u0131k. Gol\u00fc bulduk, durumlar bulduk, yakalad\u0131k. Ma\u00e7ta \u00f6ne de ge\u00e7ebilirdik, kazanabilirdik. Fakat bir dikkatsizlik ve yedi\u011fimiz gol sonucu, buradan puans\u0131z ayr\u0131l\u0131yoruz. Bu y\u00fczden biraz \u00fczg\u00fcn\u00fcm.&#8221;<\/strong> tabirini kulland\u0131.<\/p>\n<p> \u0130nan, her ma\u00e7\u0131n stratejisinin farkl\u0131 oldu\u011funa i\u015faret ederek, <strong>&#8220;Biz kendi oyunumuzu biliyoruz. Oyuncular\u0131m\u0131 \u00e2l\u00e2 tan\u0131yorum. Rakiplere kar\u015f\u0131 haz\u0131rlan\u0131rken, rakibin k\u0131ymetli oyuncular\u0131, hocalar\u0131n oynatmak istedi\u011fi oyun, anlay\u0131\u015f\u0131&#8230; Bunlar\u0131n hepsi bizim i\u00e7in bir etken, oyuncu se\u00e7imi yaparken ve dizili\u015fi kurgularken benim oldu\u011fum kadrolarda bu daima de\u011fi\u015fkenlik g\u00f6sterecek. Ben biraz bu t\u00fcrl\u00fc bak\u0131yorum. Nat\u00fcrel ki \u00f6b\u00fcr ma\u00e7larda farkl\u0131l\u0131k olabilir. Bu ma\u00e7ta bu t\u00fcrl\u00fc ba\u015flad\u0131. Asl\u0131nda defansif olarak ma\u00e7\u0131n neredeyse tamam\u0131nda istedi\u011fimi yapabildik. Samsun&#8217;un tahminen de en az duruma girdi\u011fi ma\u00e7t\u0131 diyebilirim. Genelde kenardan ortalarla gelmeye \u00e7al\u0131\u015ft\u0131lar. Asl\u0131nda att\u0131klar\u0131 gol karambold\u00fc. \u0130kinci golde bir f\u0131rsat yakalad\u0131lar ve yandan ortayla gol att\u0131lar. Dedi\u011fim \u00fczere, defansif olarak ne kadar ger\u00e7ek dursak da bence yemememiz gereken iki gol\u00fc yedik ve ma\u00e7\u0131 kaybettik.&#8221;<\/strong> formunda konu\u015ftu.<\/p>\n<p> Alexandru Maxim&#8217;in yoklu\u011funu hissettiklerini anlatan \u0130nan, <strong>&#8220;Maxim \u00fczere oyuncular \u00f6zel oyuncular oluyor. Kadrosu biliyor, kadronun kaptan\u0131. Yetenekleri de nat\u00fcrel ortada. Bu t\u0131p oyuncular\u0131n olmay\u0131\u015f\u0131 top aya\u011f\u0131n\u0131zdayken ve hamle ge\u00e7i\u015flerinde size d\u00fc\u015f\u00fcnce yaratabiliyor. Bug\u00fcn biraz o hususta kasvet ya\u015fad\u0131k do\u011fruyu s\u00f6ylemek gerekirse. Bir stoper muhta\u00e7l\u0131\u011f\u0131m\u0131z var. Bunu liderimiz ve y\u00f6neticilerimizle g\u00f6r\u00fc\u015ft\u00fck. Lakin transfer yapmak \u00e7ok kolay de\u011fil. Harcama limitleri var. Bizim \u00fczere kul\u00fcplerin ezalar\u0131 da oluyor finansal a\u00e7\u0131dan. Fakat en az\u0131ndan bir stoper gereksinimimiz oldu\u011funu d\u00fc\u015f\u00fcn\u00fcyorum. Olur mu bilmiyorum lakin bunu isti\u015fare ediyoruz.&#8221;<\/strong> de\u011ferlendirmesinde bulundu.<\/p>\n<\/div>\n","protected":false},"excerpt":{"rendered":"<p>Gaziantep FK Teknik Y\u00f6neticisi Sel\u00e7uk \u0130nan, deplasmanda Samsunspor&#8217;a 2-1 ma\u011flup olduklar\u0131 m\u00fcsabaka sonras\u0131 a\u00e7\u0131klamalarda bulundu.<\/p>\n","protected":false},"author":1,"featured_media":9684,"comment_status":"open","ping_status":"open","sticky":false,"template":"","format":"standard","meta":{"footnotes":""},"categories":[25],"tags":[77,359,49],"class_list":["post-9683","post","type-post","status-publish","format-standard","has-post-thumbnail","hentry","category-futbol","tag-gol","tag-inan","tag-oyuncu"],"_links":{"self":[{"href":"https:\/\/haberbesiktas.tr\/index.php?rest_route=\/wp\/v2\/posts\/9683","targetHints":{"allow":["GET"]}}],"collection":[{"href":"https:\/\/haberbesiktas.tr\/index.php?rest_route=\/wp\/v2\/posts"}],"about":[{"href":"https:\/\/haberbesiktas.tr\/index.php?rest_route=\/wp\/v2\/types\/post"}],"author":[{"embeddable":true,"href":"https:\/\/haberbesiktas.tr\/index.php?rest_route=\/wp\/v2\/users\/1"}],"replies":[{"embeddable":true,"href":"https:\/\/haberbesiktas.tr\/index.php?rest_route=%2Fwp%2Fv2%2Fcomments&post=9683"}],"version-history":[{"count":1,"href":"https:\/\/haberbesiktas.tr\/index.php?rest_route=\/wp\/v2\/posts\/9683\/revisions"}],"predecessor-version":[{"id":9685,"href":"https:\/\/haberbesiktas.tr\/index.php?rest_route=\/wp\/v2\/posts\/9683\/revisions\/9685"}],"wp:featuredmedia":[{"embeddable":true,"href":"https:\/\/haberbesiktas.tr\/index.php?rest_route=\/wp\/v2\/media\/9684"}],"wp:attachment":[{"href":"https:\/\/haberbesiktas.tr\/index.php?rest_route=%2Fwp%2Fv2%2Fmedia&parent=9683"}],"wp:term":[{"taxonomy":"category","embeddable":true,"href":"https:\/\/haberbesiktas.tr\/index.php?rest_route=%2Fwp%2Fv2%2Fcategories&post=9683"},{"taxonomy":"post_tag","embeddable":true,"href":"https:\/\/haberbesiktas.tr\/index.php?rest_route=%2Fwp%2Fv2%2Ftags&post=9683"}],"curies":[{"name":"wp","href":"https:\/\/api.w.org\/{rel}","templated":true}]}}