{"id":9686,"date":"2025-02-17T15:48:05","date_gmt":"2025-02-17T15:48:05","guid":{"rendered":"https:\/\/haberbesiktas.tr\/?p=9686"},"modified":"2025-02-17T15:48:05","modified_gmt":"2025-02-17T15:48:05","slug":"thomas-reis-hedefim-samsunspora-tarihinin-en-iyi-sezonunu-yasamak","status":"publish","type":"post","link":"https:\/\/haberbesiktas.tr\/?p=9686","title":{"rendered":"Thomas Reis: &#8220;Hedefim Samsunspor&#8217;a tarihinin en iyi sezonunu ya\u015famak&#8221;"},"content":{"rendered":"<div>\n<p>Trendyol Muhte\u015fem Lig&#8217;in 21. haftas\u0131nda meskeninde Gaziantep FK&#8217;yi 2-1 yenen Reeder Samsunspor&#8217;un teknik y\u00f6neticisi Thomas Reis, &#8220;Benim bundan sonraki gayem Samsunspor tarihinin en yeterli d\u00f6nemini ya\u015famak.&#8221; dedi.\u00a0<\/p>\n<p> Reis, ma\u00e7\u0131n akabinde d\u00fczenlenen bas\u0131n toplant\u0131s\u0131nda, m\u00fcsabakan\u0131n s\u0131k\u0131nt\u0131 ge\u00e7ece\u011fini bildiklerini aktard\u0131.<\/p>\n<p> Ekibin \u00fczerinde bask\u0131 oldu\u011funa dikkat \u00e7eken Reis, <strong>&#8220;Bir\u00e7ok insan bu ma\u00e7\u0131 kazanmam\u0131z\u0131 bekledi\u011fi i\u00e7in biraz bask\u0131 vard\u0131. Birinci yar\u0131 topa sahip olan grup bizdik. Paslar\u0131m\u0131z\u0131n biraz yava\u015f gitti\u011fini s\u00f6yleyebilirim. Birinci yar\u0131 kornerden buldu\u011fumuz konumla gol geldi. \u0130kinci yar\u0131ya ne yaz\u0131k ki yeterli ba\u015flayamad\u0131k. Soyunma odas\u0131nda oyuncular\u0131ma birka\u00e7 ma\u00e7t\u0131r ikinci yar\u0131lara d\u00fczg\u00fcn ba\u015flayamad\u0131\u011f\u0131m\u0131z\u0131 s\u00f6yledi\u011fim halde tekrar ikinci yar\u0131ya g\u00fczel ba\u015flayamad\u0131k ve gol\u00fc yedik. Ondan sonra \u00e7ok ho\u015f bir ekip ruhu g\u00f6sterdik. G\u00fczel bir performans da g\u00f6sterdiler. Oyuncular\u0131m, ma\u00e7\u0131 son ana b\u0131rakmad\u0131\u011f\u0131 i\u00e7in \u00e7ok memnunum. Totalde 40 puan\u0131m\u0131z var. &#8220;<\/strong> tabirini kulland\u0131.\u00a0<\/p>\n<p> Ligin 2. yar\u0131s\u0131n\u0131n birinci devreye oranla daha g\u00fc\u00e7 ge\u00e7ece\u011fine i\u015faret eden Reis, <strong>&#8220;A\u015fa\u011f\u0131daki tak\u0131mlar ligde kalmak i\u00e7in, \u00fcst s\u0131radaki gruplar da \u00fcstte kalmak i\u00e7in sava\u015f verecekler. Bug\u00fcn kadro ruhu g\u00f6sterdik. Ceza alan\u0131nda istedi\u011fimiz \u015futlar\u0131 \u00e7ekemedik. \u0130stedi\u011fimiz o performans\u0131 her vakit g\u00f6steremiyorsunuz. Bilhassa ikinci yar\u0131 ba\u015flad\u0131ktan birka\u00e7 dakika sonra gol yedi\u011finizden geri d\u00f6nebildik. Bug\u00fcn en yeterli performans\u0131m\u0131z\u0131 g\u00f6steremedik. K\u0131ymetli olan kadro ruhunu alana yans\u0131tmakt\u0131, onu yapt\u0131k. Bu performansla galip gelebiliyorsak, daha \u00fcst performansla \u00f6n\u00fcm\u00fczdeki ma\u00e7lar\u0131 daha rahat oynayabiliriz.&#8221;<\/strong> bi\u00e7iminde konu\u015ftu.\u00a0<\/p>\n<p> Reis, ald\u0131klar\u0131 3 puanla rahat bir pozisyona ge\u00e7tiklerini vurgulayarak, <strong>&#8220;En b\u00fcy\u00fck maksad\u0131m\u0131z\u0131 ger\u00e7ekle\u015ftirdik. Ald\u0131\u011f\u0131m\u0131z puanlar sebebiyle &#8216;ligde kald\u0131k&#8217; diyebilirim. Bu t\u00fcrl\u00fc bir gayeye bu kadar erken ula\u015ft\u0131\u011f\u0131m\u0131z i\u00e7in memnunuz. Taraftarlar\u0131m\u0131z\u0131n hayalleri var. Benim bundan sonraki gayem Samsunspor tarihinin en g\u00fczel d\u00f6nemini ya\u015famak. Oynayaca\u011f\u0131m\u0131z her m\u00fcsabaka g\u00fc\u00e7 ge\u00e7ecektir. Umar\u0131m daha fazla puanlar toplar\u0131z. Ligi nerede bitirece\u011fimizi \u015fu anda kestiremiyorum.&#8221;<\/strong> diyerek kelamlar\u0131n\u0131 tamamlad\u0131.<\/p>\n<\/div>\n","protected":false},"excerpt":{"rendered":"<p>Reeder Samsunspor Teknik Y\u00f6neticisi Thomas Reis, alanlar\u0131nda Gaziantep FK&#8217;yi 2-1 ma\u011flup ettikleri m\u00fcsabakan\u0131n akabinde a\u00e7\u0131klamalarda bulundu.<\/p>\n","protected":false},"author":1,"featured_media":9687,"comment_status":"open","ping_status":"open","sticky":false,"template":"","format":"standard","meta":{"footnotes":""},"categories":[25],"tags":[1115,844,52],"class_list":["post-9686","post","type-post","status-publish","format-standard","has-post-thumbnail","hentry","category-futbol","tag-performans","tag-reis","tag-takim"],"_links":{"self":[{"href":"https:\/\/haberbesiktas.tr\/index.php?rest_route=\/wp\/v2\/posts\/9686","targetHints":{"allow":["GET"]}}],"collection":[{"href":"https:\/\/haberbesiktas.tr\/index.php?rest_route=\/wp\/v2\/posts"}],"about":[{"href":"https:\/\/haberbesiktas.tr\/index.php?rest_route=\/wp\/v2\/types\/post"}],"author":[{"embeddable":true,"href":"https:\/\/haberbesiktas.tr\/index.php?rest_route=\/wp\/v2\/users\/1"}],"replies":[{"embeddable":true,"href":"https:\/\/haberbesiktas.tr\/index.php?rest_route=%2Fwp%2Fv2%2Fcomments&post=9686"}],"version-history":[{"count":1,"href":"https:\/\/haberbesiktas.tr\/index.php?rest_route=\/wp\/v2\/posts\/9686\/revisions"}],"predecessor-version":[{"id":9688,"href":"https:\/\/haberbesiktas.tr\/index.php?rest_route=\/wp\/v2\/posts\/9686\/revisions\/9688"}],"wp:featuredmedia":[{"embeddable":true,"href":"https:\/\/haberbesiktas.tr\/index.php?rest_route=\/wp\/v2\/media\/9687"}],"wp:attachment":[{"href":"https:\/\/haberbesiktas.tr\/index.php?rest_route=%2Fwp%2Fv2%2Fmedia&parent=9686"}],"wp:term":[{"taxonomy":"category","embeddable":true,"href":"https:\/\/haberbesiktas.tr\/index.php?rest_route=%2Fwp%2Fv2%2Fcategories&post=9686"},{"taxonomy":"post_tag","embeddable":true,"href":"https:\/\/haberbesiktas.tr\/index.php?rest_route=%2Fwp%2Fv2%2Ftags&post=9686"}],"curies":[{"name":"wp","href":"https:\/\/api.w.org\/{rel}","templated":true}]}}