{"id":9692,"date":"2025-02-17T16:12:06","date_gmt":"2025-02-17T16:12:06","guid":{"rendered":"https:\/\/haberbesiktas.tr\/?p=9692"},"modified":"2025-02-17T16:12:06","modified_gmt":"2025-02-17T16:12:06","slug":"abdullah-avci-trabzonspora-ikinci-gidisim-hayal-kirikligiydi","status":"publish","type":"post","link":"https:\/\/haberbesiktas.tr\/?p=9692","title":{"rendered":"Abdullah Avc\u0131: &#8220;Trabzonspor&#8217;a ikinci gidi\u015fim hayal k\u0131r\u0131kl\u0131\u011f\u0131yd\u0131&#8221;"},"content":{"rendered":"<div>\n<p>Teknik y\u00f6netici Abdullah Avc\u0131, Trabzonspor, Fenerbah\u00e7e ve T\u00fcrkiye Ulusal Kadrosu ile ilgili s\u00fcre\u00e7lere dair g\u00f6r\u00fc\u015flerine dair TRT Spor ekranlar\u0131na a\u00e7\u0131klamalarda bulundu.<\/p>\n<p> <strong>\u0130\u015fte Abdullah Avc\u0131&#8217;n\u0131n a\u00e7\u0131klamalar\u0131:<\/strong><\/p>\n<p> Trabzonspor ile ya\u015fad\u0131\u011f\u0131 \u015fampiyonluk sonras\u0131 s\u00fcrecinden bahseden Avc\u0131, <strong>&#8220;Trabzon&#8217;da ya\u015fad\u0131\u011f\u0131m \u015fampiyonluktan sonra ne bir g\u00f6r\u00fcnt\u00fc ne de bir manzaram var. Hi\u00e7bir \u015feyle alakam yok. Ne yaz\u0131k ki toplumsal medyada yap\u0131lan alg\u0131yla birlikte Fenerbah\u00e7e belgesi kapand\u0131.&#8221;<\/strong> dedi.<\/p>\n<p> Trabzonspor ile ikinci kere mutabakat\u0131n\u0131n hayal k\u0131r\u0131kl\u0131\u011f\u0131 oldu\u011funu 61 ya\u015f\u0131ndaki Avc\u0131,\u00a0<strong>&#8220;Trabzonspor&#8217;a ikinci gidi\u015fim benim i\u00e7in hayal k\u0131r\u0131kl\u0131\u011f\u0131yd\u0131. Hem Fenerbah\u00e7e hem de ulusal kadro ikisi de olmay\u0131nca Trabzonspor&#8217;un da gereksinimi olunca gittim.&#8221;<\/strong> tabirlerini kulland\u0131.\u00a0<\/p>\n<p> <strong>&#8220;HAZIRLIK YAPMI\u015eTIM&#8221;\u00a0<\/strong><\/p>\n<p> &#8220;Fenerbah\u00e7e beni istedi\u011finde &#8216;Beni tercih edece\u011finizi d\u00fc\u015f\u00fcn\u00fcp haz\u0131rl\u0131k yapm\u0131\u015ft\u0131m.&#8217; dedim.\u00a0<\/p>\n<p> <strong>&#8220;3 KEZ G\u00d6R\u00dc\u015eT\u00dcM SONRA OLMADI<\/strong>\u00a0<\/p>\n<p> &#8220;Ben Ulusal Kadro ile kontrat imzal\u0131yordum. Onlar istedi. Mehmet B\u00fcy\u00fckek\u015fi ve Hamit Alt\u0131ntop ile g\u00f6r\u00fc\u015ft\u00fcm. 3 defa g\u00f6r\u00fc\u015ft\u00fcm. Sonra olmad\u0131. Beni neden istediklerini s\u00f6ylediler lakin sonra neden istemediklerini s\u00f6ylemediler.&#8221;<\/p>\n<\/div>\n","protected":false},"excerpt":{"rendered":"<p>Abdullah Avc\u0131, Trabzonspor, Fenerbah\u00e7e ve T\u00fcrkiye Ulusal Ekibi ile ilgili s\u00fcre\u00e7lere dair g\u00f6r\u00fc\u015flerine dair TRT Spor ekranlar\u0131na konu\u015ftu.<\/p>\n","protected":false},"author":1,"featured_media":9693,"comment_status":"open","ping_status":"open","sticky":false,"template":"","format":"standard","meta":{"footnotes":""},"categories":[25],"tags":[98],"class_list":["post-9692","post","type-post","status-publish","format-standard","has-post-thumbnail","hentry","category-futbol","tag-trabzonspor"],"_links":{"self":[{"href":"https:\/\/haberbesiktas.tr\/index.php?rest_route=\/wp\/v2\/posts\/9692","targetHints":{"allow":["GET"]}}],"collection":[{"href":"https:\/\/haberbesiktas.tr\/index.php?rest_route=\/wp\/v2\/posts"}],"about":[{"href":"https:\/\/haberbesiktas.tr\/index.php?rest_route=\/wp\/v2\/types\/post"}],"author":[{"embeddable":true,"href":"https:\/\/haberbesiktas.tr\/index.php?rest_route=\/wp\/v2\/users\/1"}],"replies":[{"embeddable":true,"href":"https:\/\/haberbesiktas.tr\/index.php?rest_route=%2Fwp%2Fv2%2Fcomments&post=9692"}],"version-history":[{"count":1,"href":"https:\/\/haberbesiktas.tr\/index.php?rest_route=\/wp\/v2\/posts\/9692\/revisions"}],"predecessor-version":[{"id":9694,"href":"https:\/\/haberbesiktas.tr\/index.php?rest_route=\/wp\/v2\/posts\/9692\/revisions\/9694"}],"wp:featuredmedia":[{"embeddable":true,"href":"https:\/\/haberbesiktas.tr\/index.php?rest_route=\/wp\/v2\/media\/9693"}],"wp:attachment":[{"href":"https:\/\/haberbesiktas.tr\/index.php?rest_route=%2Fwp%2Fv2%2Fmedia&parent=9692"}],"wp:term":[{"taxonomy":"category","embeddable":true,"href":"https:\/\/haberbesiktas.tr\/index.php?rest_route=%2Fwp%2Fv2%2Fcategories&post=9692"},{"taxonomy":"post_tag","embeddable":true,"href":"https:\/\/haberbesiktas.tr\/index.php?rest_route=%2Fwp%2Fv2%2Ftags&post=9692"}],"curies":[{"name":"wp","href":"https:\/\/api.w.org\/{rel}","templated":true}]}}