{"id":9703,"date":"2025-02-17T16:48:05","date_gmt":"2025-02-17T16:48:05","guid":{"rendered":"https:\/\/haberbesiktas.tr\/?p=9703"},"modified":"2025-02-17T16:48:05","modified_gmt":"2025-02-17T16:48:05","slug":"jasikevicius-hakem-konusup-para-cezasi-odemek-istemiyorum","status":"publish","type":"post","link":"https:\/\/haberbesiktas.tr\/?p=9703","title":{"rendered":"Jasikevicius: &#8220;Hakem konu\u015fup para cezas\u0131 \u00f6demek istemiyorum&#8221;"},"content":{"rendered":"<div>Fenerbah\u00e7e Beko Ba\u015fantren\u00f6r\u00fc Sarunas Jasikevicius, Olympiakos galibiyetinin akabinde a\u00e7\u0131klamalarda bulundu.<\/p>\n<p> Ko\u00e7 Jasikevicius&#8217;un bas\u0131n toplant\u0131s\u0131ndaki a\u00e7\u0131klamalar\u0131 \u015fu halde:<\/p>\n<p> <strong>&#8220;Herkese yeterli ak\u015famlar, oyuncular\u0131m\u0131z\u0131 ve taraftarlar\u0131m\u0131z\u0131 galibiyetten \u00f6t\u00fcr\u00fc kutlar\u0131m. Bug\u00fcn \u00e7ok sa\u011flam bir performans ortaya koyduk. Ma\u00e7\u0131n b\u00fcy\u00fck k\u0131sm\u0131nda istedi\u011fimiz \u015futlar\u0131 bulduk. Elbette Olympiakos savunmas\u0131yla ve fizik\u00ee oyunuyla i\u015fimizi \u00e7ok zorla\u015ft\u0131rd\u0131 lakin ma\u00e7\u0131n b\u00fcy\u00fck k\u0131sm\u0131nda tahlil \u00fcrettik. Son bir ayd\u0131r topu \u00e2l\u00e2 payla\u015f\u0131yoruz ve bunun kar\u015f\u0131l\u0131\u011f\u0131n\u0131 al\u0131yoruz. Bilhassa kimi oyuncular\u0131m\u0131z ma\u00e7\u0131n birtak\u0131m anlar\u0131nda \u00e7ok tesirli oldular. Marko ise bir kere daha \u00e7ok sa\u011flam bir performans sergiledi. Nigel, Errick ve Tar\u0131k da ma\u00e7\u0131n birtak\u0131m anlar\u0131nda \u00e7ok etkiliydiler.<\/strong><\/p>\n<p> <strong>Sasha (Vezenkov) bir\u00e7ok farkl\u0131 halde skor \u00fcretebilen bir oyuncu. Daima hareket ediyor. Alanda bir a\u015fa\u011f\u0131, bir \u00fcst hareket ediyor. \u015eutlar girmedi\u011fi vakit \u00e7\u0131lg\u0131nlar \u00fczere atak ribauntunu koval\u0131yor. Asla hareket etmeyi b\u0131rakm\u0131yor, daima alanda bir yerlere gidiyor. Ge\u00e7i\u015f hamlelerinde daima en \u00f6nde o ko\u015fuyor. Bug\u00fcn onun i\u015fini elimizden geldi\u011fince zorla\u015ft\u0131rmaya \u00e7al\u0131\u015ft\u0131k. 28 dakika oynam\u0131\u015f ve sekiz \u015fut kullanm\u0131\u015f, bu bizim i\u00e7in \u00e7ok olumlu bir tablo. Nigel ma\u00e7 boyunca onun taban\u0131ndan ayr\u0131lmamak zorundayd\u0131 zira bir an bile bo\u015f kald\u0131\u011f\u0131nda ya topsuz hareket ediyor, ya da hamle ribauntuna giriyor. \u00c7ok s\u0131ra d\u0131\u015f\u0131 bir oyuncu, bug\u00fcn onun i\u015fini olabildi\u011fince zorla\u015ft\u0131rmaya \u00e7al\u0131\u015ft\u0131k.&#8221;<\/strong><\/p>\n<p> Saras Jasikevicius; Olympiakos&#8217;un 37, Fenerbah\u00e7e Beko&#8217;nun ise yaln\u0131zca 13 h\u00fcr at\u0131\u015f kullanmas\u0131na dair \u015fu tabirleri kulland\u0131: <strong>&#8220;\u0130ki g\u00fcn sonra o\u011flumun do\u011fum g\u00fcn\u00fc. Param\u0131 ona ikram almak i\u00e7in saklamak istiyorum (g\u00fcl\u00fcyor).&#8221;<\/strong><\/p>\n<\/div>\n","protected":false},"excerpt":{"rendered":"<p>Fenerbah\u00e7e Beko Ba\u015fantren\u00f6r\u00fc Sarunas Jasikevicius, Olympiakos galibiyetinin akabinde a\u00e7\u0131klamalarda bulundu.<\/p>\n","protected":false},"author":1,"featured_media":9704,"comment_status":"open","ping_status":"open","sticky":false,"template":"","format":"standard","meta":{"footnotes":""},"categories":[10],"tags":[50],"class_list":["post-9703","post","type-post","status-publish","format-standard","has-post-thumbnail","hentry","category-basketbol","tag-mac"],"_links":{"self":[{"href":"https:\/\/haberbesiktas.tr\/index.php?rest_route=\/wp\/v2\/posts\/9703","targetHints":{"allow":["GET"]}}],"collection":[{"href":"https:\/\/haberbesiktas.tr\/index.php?rest_route=\/wp\/v2\/posts"}],"about":[{"href":"https:\/\/haberbesiktas.tr\/index.php?rest_route=\/wp\/v2\/types\/post"}],"author":[{"embeddable":true,"href":"https:\/\/haberbesiktas.tr\/index.php?rest_route=\/wp\/v2\/users\/1"}],"replies":[{"embeddable":true,"href":"https:\/\/haberbesiktas.tr\/index.php?rest_route=%2Fwp%2Fv2%2Fcomments&post=9703"}],"version-history":[{"count":1,"href":"https:\/\/haberbesiktas.tr\/index.php?rest_route=\/wp\/v2\/posts\/9703\/revisions"}],"predecessor-version":[{"id":9705,"href":"https:\/\/haberbesiktas.tr\/index.php?rest_route=\/wp\/v2\/posts\/9703\/revisions\/9705"}],"wp:featuredmedia":[{"embeddable":true,"href":"https:\/\/haberbesiktas.tr\/index.php?rest_route=\/wp\/v2\/media\/9704"}],"wp:attachment":[{"href":"https:\/\/haberbesiktas.tr\/index.php?rest_route=%2Fwp%2Fv2%2Fmedia&parent=9703"}],"wp:term":[{"taxonomy":"category","embeddable":true,"href":"https:\/\/haberbesiktas.tr\/index.php?rest_route=%2Fwp%2Fv2%2Fcategories&post=9703"},{"taxonomy":"post_tag","embeddable":true,"href":"https:\/\/haberbesiktas.tr\/index.php?rest_route=%2Fwp%2Fv2%2Ftags&post=9703"}],"curies":[{"name":"wp","href":"https:\/\/api.w.org\/{rel}","templated":true}]}}