{"id":9727,"date":"2025-02-17T19:12:05","date_gmt":"2025-02-17T19:12:05","guid":{"rendered":"https:\/\/haberbesiktas.tr\/?p=9727"},"modified":"2025-02-17T19:12:05","modified_gmt":"2025-02-17T19:12:05","slug":"galatasarayda-gonul-alma-gunu-taraftarlar-musleradan-ozur-dileyecek","status":"publish","type":"post","link":"https:\/\/haberbesiktas.tr\/?p=9727","title":{"rendered":"Galatasaray&#8217;da g\u00f6n\u00fcl alma g\u00fcn\u00fc! Taraftarlar Muslera&#8217;dan \u00f6z\u00fcr dileyecek"},"content":{"rendered":"<div>Galatasaray taraftar\u0131 bug\u00fcn g\u00f6n\u00fcl alacak.<\/p>\n<p> Rams Park&#8217;ta oynanan Dinamo Kiev m\u00fcsabakas\u0131nda trib\u00fcnlerin bir k\u0131sm\u0131ndan reaksiyon g\u00f6ren ve ma\u00e7\u0131n akabinde direkt soyunma odas\u0131na giderken Kaptan Fernando Muslera, trib\u00fcnlerin a\u011f\u0131r dayana\u011f\u0131yla alana \u00e7\u0131kacak.<\/p>\n<p> Elleriyle &#8220;Bitti&#8221; i\u015fareti yapan ve bunu kadro arkada\u015flar\u0131na da ileten Uruguayl\u0131 file bek\u00e7isinin, Konyaspor ma\u00e7\u0131 \u00f6ncesi sar\u0131-k\u0131rm\u0131z\u0131l\u0131 trib\u00fcnler taraf\u0131ndan \u00e7a\u011fr\u0131laca\u011f\u0131 ve moral verilece\u011fi s\u00f6z edildi.<\/p>\n<p> Ba\u015fka taraftan deneyimli kaleci i\u00e7in tekrar trib\u00fcnlerde pankart haz\u0131rl\u0131\u011f\u0131 yap\u0131ld\u0131\u011f\u0131 da \u00f6\u011frenildi. Galatasaray ile Konyaspor ma\u00e7\u0131nda trib\u00fcnlerin yar\u0131ya yak\u0131n\u0131n\u0131n cezal\u0131 olmas\u0131na ra\u011fmen bilet d\u00f6nemiyle ilgili 3 olan hakk\u0131n 4&#8217;e \u00e7\u0131kar\u0131lmas\u0131yla stad\u0131n dolmas\u0131n\u0131n beklendi\u011fi bildirildi. \u00c7abay\u0131 40 binin \u00fczerinde taraftar\u0131n izlemesinin beklendi\u011fi belirtildi.<\/p>\n<p> <strong>REKOR KIRACAK<\/strong><\/p>\n<p> Ataka\u015f Hatayspor&#8217;a kar\u015f\u0131 Harika Lig&#8217;deki 428. ma\u00e7\u0131na \u00e7\u0131karak B\u00fclent Korkmaz&#8217;\u0131n rekorunu egale eden Uruguayl\u0131 kaleci, Konyaspor ma\u00e7\u0131yla bu rekoru k\u0131racak. Kaptan, sar\u0131-k\u0131rm\u0131z\u0131l\u0131lar\u0131n tarihinde en fazla lig ma\u00e7\u0131na \u00e7\u0131kan oyuncu olacak.<\/p>\n<p> <strong>5 L\u0130DER, 9 TEKN\u0130K Y\u00d6NET\u0130C\u0130 G\u00d6RD\u00dc<\/strong><\/p>\n<p> Fernando Muslera, S\u00fcper Lig&#8217;de en fazla ma\u00e7 oynayan yabanc\u0131 oyuncu unvan\u0131na da sahip bulunuyor. Uruguayl\u0131 kaleci, 428 m\u00fcsabakaya ula\u015f\u0131rken, onu 392 ma\u00e7la Trabzonsporlu Edin Visca ve 335 kar\u015f\u0131la\u015fma ile eski Fenerbah\u00e7eli G\u00f6k\u00e7ek Vederson takip ediyor. Muslera, Galatasaray&#8217;da ge\u00e7irdi\u011fi 14 d\u00f6nem boyunca toplam 5 lider ve 9 teknik y\u00f6netici g\u00f6rd\u00fc.<\/p>\n<p> <strong>GALATASARAY PERFORMANSI<\/strong><\/p>\n<p> Galatasaray ile S\u00fcper Lig&#8217;de oynad\u0131\u011f\u0131 428 m\u00fcsabakada kalesinde 416 gol g\u00f6ren Muslera, bu m\u00fcddet zarf\u0131nda 161 m\u00fcsabakada da kalesini gole kapad\u0131.\u00a0\u00a0<\/p>\n<\/div>\n","protected":false},"excerpt":{"rendered":"<p>Galatasaray taraftar\u0131, Dinamo Kiev m\u00fcsabakas\u0131nda protesto edilen ve kalbi k\u0131r\u0131lan Fernando Muslera&#8217;dan adeta \u00f6z\u00fcr dileyecek. Trib\u00fcnler, Uruguayl\u0131 file bek\u00e7isi i\u00e7in tezah\u00fcrat yapacak, ayr\u0131yeten onunla ilgili pankartlar da haz\u0131rlanacak.<\/p>\n","protected":false},"author":1,"featured_media":9728,"comment_status":"open","ping_status":"open","sticky":false,"template":"","format":"standard","meta":{"footnotes":""},"categories":[25],"tags":[129,1148],"class_list":["post-9727","post","type-post","status-publish","format-standard","has-post-thumbnail","hentry","category-futbol","tag-galatasaray","tag-tribunler"],"_links":{"self":[{"href":"https:\/\/haberbesiktas.tr\/index.php?rest_route=\/wp\/v2\/posts\/9727","targetHints":{"allow":["GET"]}}],"collection":[{"href":"https:\/\/haberbesiktas.tr\/index.php?rest_route=\/wp\/v2\/posts"}],"about":[{"href":"https:\/\/haberbesiktas.tr\/index.php?rest_route=\/wp\/v2\/types\/post"}],"author":[{"embeddable":true,"href":"https:\/\/haberbesiktas.tr\/index.php?rest_route=\/wp\/v2\/users\/1"}],"replies":[{"embeddable":true,"href":"https:\/\/haberbesiktas.tr\/index.php?rest_route=%2Fwp%2Fv2%2Fcomments&post=9727"}],"version-history":[{"count":1,"href":"https:\/\/haberbesiktas.tr\/index.php?rest_route=\/wp\/v2\/posts\/9727\/revisions"}],"predecessor-version":[{"id":9729,"href":"https:\/\/haberbesiktas.tr\/index.php?rest_route=\/wp\/v2\/posts\/9727\/revisions\/9729"}],"wp:featuredmedia":[{"embeddable":true,"href":"https:\/\/haberbesiktas.tr\/index.php?rest_route=\/wp\/v2\/media\/9728"}],"wp:attachment":[{"href":"https:\/\/haberbesiktas.tr\/index.php?rest_route=%2Fwp%2Fv2%2Fmedia&parent=9727"}],"wp:term":[{"taxonomy":"category","embeddable":true,"href":"https:\/\/haberbesiktas.tr\/index.php?rest_route=%2Fwp%2Fv2%2Fcategories&post=9727"},{"taxonomy":"post_tag","embeddable":true,"href":"https:\/\/haberbesiktas.tr\/index.php?rest_route=%2Fwp%2Fv2%2Ftags&post=9727"}],"curies":[{"name":"wp","href":"https:\/\/api.w.org\/{rel}","templated":true}]}}