{"id":9730,"date":"2025-02-17T19:36:06","date_gmt":"2025-02-17T19:36:06","guid":{"rendered":"https:\/\/haberbesiktas.tr\/?p=9730"},"modified":"2025-02-17T19:36:06","modified_gmt":"2025-02-17T19:36:06","slug":"besiktasta-hedef-sol-bek","status":"publish","type":"post","link":"https:\/\/haberbesiktas.tr\/?p=9730","title":{"rendered":"Be\u015fikta\u015f&#8217;ta hedef sol bek"},"content":{"rendered":"<div>UEFA Avrupa Ligi&#8217;nde Athletic Bilbao kar\u015f\u0131s\u0131nda al\u0131nan galibiyetin yan\u0131nda ortaya konan futbol, Be\u015fikta\u015f taraftar\u0131n\u0131 tekrar heyecanland\u0131rd\u0131. D\u00f6nem ba\u015f\u0131ndan bu yana \u00fcmitsizli\u011fe kap\u0131lan siyah-beyazl\u0131lar, teknik y\u00f6netici Ole Gunnar Solkjaer&#8217;in geli\u015finin akabinde yine umutland\u0131.<\/p>\n<p> <strong>SOL BEK TALEB\u0130<\/strong><\/p>\n<p> Norve\u00e7li teknik adam da, eldeki mevcutlarla en d\u00fczg\u00fcn\u00fcn\u00fc yapmaya \u00e7al\u0131\u015f\u0131rken, ba\u015fka yandan da gelece\u011fe d\u00f6n\u00fck transferlerle Be\u015fikta\u015f&#8217;\u0131 yine aya\u011fa kald\u0131rmak i\u00e7in \u00e7al\u0131\u015fmalara ba\u015flad\u0131. Kadroyla k\u0131sa m\u00fchlet i\u00e7erisinde kayna\u015fan Solkjaer&#8217;in, idareyle yapt\u0131\u011f\u0131 toplant\u0131larda bilhassa sol bek muhta\u00e7l\u0131klar\u0131 bulundu\u011funu lisana getirdi.<\/p>\n<p> <strong>\u00d6NEML\u0130 EKS\u0130KL\u0130K<\/strong><\/p>\n<p> D\u00f6nem ba\u015f\u0131ndan bu yana vakit zaman tenkit toplayan Masuaku, kadroyla birlikte aya\u011fa kalksa da, yeni teknik adam, bu b\u00f6lgedeki alternatiflerini \u00e7o\u011faltmak i\u00e7in \u00e7al\u0131\u015fmalara giri\u015fti. Alt yap\u0131dan gelen Emrecan Terzi&#8217;nin sakatl\u0131\u011f\u0131 sonras\u0131nda alternatif olarak bu b\u00f6lgede yaln\u0131zca Bakhtiyor Zaynutdinov&#8217;un bulunmas\u0131, Solkjaer&#8217;e nazaran k\u0131ymetli bir eksiklik olarak d\u00fc\u015f\u00fcn\u00fcl\u00fcyor.<\/p>\n<p> <strong>L\u0130STEDEK\u0130 \u0130S\u0130MLER<\/strong><\/p>\n<p> Be\u015fikta\u015fl\u0131 kurmaylar\u0131n g\u00fcndemindeki isimlerden birisi R\u0131dvan Y\u0131lmaz. Rangers&#8217;ta mesle\u011fini s\u00fcrd\u00fcren eski oyuncusunu opsiyonlu kiralama kan\u0131s\u0131nda olan Serdal Adal\u0131 ve tak\u0131m\u0131, birinci ad\u0131mlar\u0131 da atm\u0131\u015f durumda. Lakin \u0130sko\u00e7 temsilcisi, 2022 yaz\u0131nda 4 milyon Euro&#8217;ya Be\u015fikta\u015f&#8217;tan transfer etti\u011fi R\u0131dvan&#8217;\u0131 kiral\u0131k se\u00e7ene\u011fiyle g\u00f6ndermek istemiyor. Ayr\u0131yeten \u0130talyan bas\u0131n\u0131, siyah-beyazl\u0131lar\u0131n Brezilya Ligi ekiplerinden Vasco da Gama&#8217;da forma giyen Lucas Piton&#8217;u tak\u0131m\u0131na katmak istedi\u011fini yazd\u0131.<\/p>\n<\/div>\n","protected":false},"excerpt":{"rendered":"<p>Be\u015fikta\u015f Teknik Y\u00f6neticisi Ole Gunnar Solskjaer, sol bek transferi istiyor. Siyah-beyazl\u0131lar\u0131n listesinde R\u0131dvan Y\u0131lmaz ve Lucas Piton yer al\u0131yor.<\/p>\n","protected":false},"author":1,"featured_media":9731,"comment_status":"open","ping_status":"open","sticky":false,"template":"","format":"standard","meta":{"footnotes":""},"categories":[25],"tags":[],"class_list":["post-9730","post","type-post","status-publish","format-standard","has-post-thumbnail","hentry","category-futbol"],"_links":{"self":[{"href":"https:\/\/haberbesiktas.tr\/index.php?rest_route=\/wp\/v2\/posts\/9730","targetHints":{"allow":["GET"]}}],"collection":[{"href":"https:\/\/haberbesiktas.tr\/index.php?rest_route=\/wp\/v2\/posts"}],"about":[{"href":"https:\/\/haberbesiktas.tr\/index.php?rest_route=\/wp\/v2\/types\/post"}],"author":[{"embeddable":true,"href":"https:\/\/haberbesiktas.tr\/index.php?rest_route=\/wp\/v2\/users\/1"}],"replies":[{"embeddable":true,"href":"https:\/\/haberbesiktas.tr\/index.php?rest_route=%2Fwp%2Fv2%2Fcomments&post=9730"}],"version-history":[{"count":1,"href":"https:\/\/haberbesiktas.tr\/index.php?rest_route=\/wp\/v2\/posts\/9730\/revisions"}],"predecessor-version":[{"id":9732,"href":"https:\/\/haberbesiktas.tr\/index.php?rest_route=\/wp\/v2\/posts\/9730\/revisions\/9732"}],"wp:featuredmedia":[{"embeddable":true,"href":"https:\/\/haberbesiktas.tr\/index.php?rest_route=\/wp\/v2\/media\/9731"}],"wp:attachment":[{"href":"https:\/\/haberbesiktas.tr\/index.php?rest_route=%2Fwp%2Fv2%2Fmedia&parent=9730"}],"wp:term":[{"taxonomy":"category","embeddable":true,"href":"https:\/\/haberbesiktas.tr\/index.php?rest_route=%2Fwp%2Fv2%2Fcategories&post=9730"},{"taxonomy":"post_tag","embeddable":true,"href":"https:\/\/haberbesiktas.tr\/index.php?rest_route=%2Fwp%2Fv2%2Ftags&post=9730"}],"curies":[{"name":"wp","href":"https:\/\/api.w.org\/{rel}","templated":true}]}}