{"id":9736,"date":"2025-02-17T20:00:07","date_gmt":"2025-02-17T20:00:07","guid":{"rendered":"https:\/\/haberbesiktas.tr\/?p=9736"},"modified":"2025-02-17T20:00:07","modified_gmt":"2025-02-17T20:00:07","slug":"besiktasta-abdulkadir-omur-plani","status":"publish","type":"post","link":"https:\/\/haberbesiktas.tr\/?p=9736","title":{"rendered":"Be\u015fikta\u015f&#8217;ta Abd\u00fclkadir \u00d6m\u00fcr plan\u0131!"},"content":{"rendered":"<div>Transfer \u00e7al\u0131\u015fmalar\u0131n\u0131 s\u00fcrd\u00fcren Be\u015fikta\u015f ile ilgili s\u00fcrpriz bir sav ortaya at\u0131ld\u0131. <\/p>\n<p>Siyah-Beyazl\u0131lar&#8217;\u0131n Acun Il\u0131cal\u0131&#8217;n\u0131n ba\u015fkan\u0131 oldu\u011fu \u0130ngiltere Championship tak\u0131m\u0131 Hull City&#8217;de forma giyen Abd\u00fclkadir \u00d6m\u00fcr ile ilgileniyor.<\/p>\n<p> Y\u0131ld\u0131z futbolcunun \u0130ngiltere&#8217;de mutsuz oldu\u011fu ve bu nedenden day\u0131 ekipten ayr\u0131lmak istedi\u011fi s\u00f6z ediliyor. Siyah-Beyazl\u0131lar&#8217;\u0131n 25 ya\u015f\u0131ndaki 10 numara i\u00e7in bir te\u015febb\u00fcste bulunmas\u0131 bekleniyor.<\/p>\n<p> Ge\u00e7ti\u011fimiz d\u00f6nemin devre ortas\u0131nda Trabzonspor&#8217;dan ayr\u0131larak \u0130ngiliz grubuna transfer olan ulusal futbolcunun kontrat\u0131 2027 y\u0131l\u0131nda sona erecek. Y\u0131ld\u0131z oyuncu bu d\u00f6nem forma giydi\u011fi 21 ma\u00e7ta gol sevinci ya\u015fayamazken 1 asist kaydetti. Abd\u00fclkadir&#8217;e akt\u00fcel bilgilere nazaran 6 milyon Euro bedel bi\u00e7iliyor.<\/p>\n<\/div>\n","protected":false},"excerpt":{"rendered":"<p>Be\u015fikta\u015f, mutsuz oldu\u011fu gerek\u00e7esiyle Hull City&#8217;den ayr\u0131lmak isteyen Abd\u00fclkadir \u00d6m\u00fcr ile ilgileniyor.<\/p>\n","protected":false},"author":1,"featured_media":9737,"comment_status":"open","ping_status":"open","sticky":false,"template":"","format":"standard","meta":{"footnotes":""},"categories":[25],"tags":[],"class_list":["post-9736","post","type-post","status-publish","format-standard","has-post-thumbnail","hentry","category-futbol"],"_links":{"self":[{"href":"https:\/\/haberbesiktas.tr\/index.php?rest_route=\/wp\/v2\/posts\/9736","targetHints":{"allow":["GET"]}}],"collection":[{"href":"https:\/\/haberbesiktas.tr\/index.php?rest_route=\/wp\/v2\/posts"}],"about":[{"href":"https:\/\/haberbesiktas.tr\/index.php?rest_route=\/wp\/v2\/types\/post"}],"author":[{"embeddable":true,"href":"https:\/\/haberbesiktas.tr\/index.php?rest_route=\/wp\/v2\/users\/1"}],"replies":[{"embeddable":true,"href":"https:\/\/haberbesiktas.tr\/index.php?rest_route=%2Fwp%2Fv2%2Fcomments&post=9736"}],"version-history":[{"count":1,"href":"https:\/\/haberbesiktas.tr\/index.php?rest_route=\/wp\/v2\/posts\/9736\/revisions"}],"predecessor-version":[{"id":9738,"href":"https:\/\/haberbesiktas.tr\/index.php?rest_route=\/wp\/v2\/posts\/9736\/revisions\/9738"}],"wp:featuredmedia":[{"embeddable":true,"href":"https:\/\/haberbesiktas.tr\/index.php?rest_route=\/wp\/v2\/media\/9737"}],"wp:attachment":[{"href":"https:\/\/haberbesiktas.tr\/index.php?rest_route=%2Fwp%2Fv2%2Fmedia&parent=9736"}],"wp:term":[{"taxonomy":"category","embeddable":true,"href":"https:\/\/haberbesiktas.tr\/index.php?rest_route=%2Fwp%2Fv2%2Fcategories&post=9736"},{"taxonomy":"post_tag","embeddable":true,"href":"https:\/\/haberbesiktas.tr\/index.php?rest_route=%2Fwp%2Fv2%2Ftags&post=9736"}],"curies":[{"name":"wp","href":"https:\/\/api.w.org\/{rel}","templated":true}]}}