{"id":9739,"date":"2025-02-17T20:12:05","date_gmt":"2025-02-17T20:12:05","guid":{"rendered":"https:\/\/haberbesiktas.tr\/?p=9739"},"modified":"2025-02-17T20:12:05","modified_gmt":"2025-02-17T20:12:05","slug":"besiktasta-2-isimle-yollar-ayriliyor","status":"publish","type":"post","link":"https:\/\/haberbesiktas.tr\/?p=9739","title":{"rendered":"Be\u015fikta\u015f&#8217;ta 2 isimle yollar ayr\u0131l\u0131yor!"},"content":{"rendered":"<div>Transfer \u00e7al\u0131\u015fmalar\u0131n\u0131 s\u00fcrd\u00fcren Be\u015fikta\u015f&#8217;ta gelecek oyuncular kadar ayr\u0131lacak oyuncular\u0131n da durumu merak ediliyor. <\/p>\n<p>Son gelen bilgilere nazaran Jean Onana ve Cher Ndour ile k\u0131sa m\u00fchlet i\u00e7inde yollar ayr\u0131lacak.<\/p>\n<p><strong>B\u0130R\u0130 \u0130TALYA&#8217;YA B\u0130R\u0130 FRANSA&#8217;YA<\/strong><\/p>\n<p> Onana&#8217;n\u0131n Fransa Ligi&#8217;nden bir ekibe kiralanmas\u0131 beklenirken, Cher Ndour&#8217;un da bonservisini elinde bulunduran PSG taraf\u0131ndan bir \u0130talyan tak\u0131m\u0131yla sat\u0131laca\u011f\u0131 \u00f6\u011frenildi.<\/p>\n<p> Yabanc\u0131 kontenjan\u0131 dolu olan Be\u015fikta\u015f bu isimlerin ayr\u0131lmas\u0131yla 2 yabanc\u0131 oyuncu transferi yapabilecek. Be\u015fikta\u015f formas\u0131yla bu d\u00f6nem 6 ma\u00e7a \u00e7\u0131kan Onana&#8217;n\u0131n kontrat\u0131 2027 y\u0131l\u0131nda sona erecek. D\u00f6nem ba\u015f\u0131nda PSG&#8217;den kiralanan Ndour ise \u00e7\u0131kt\u0131\u011f\u0131 22 ma\u00e7ta 1 gol, 2 asistle oynad\u0131.<\/p>\n<\/div>\n","protected":false},"excerpt":{"rendered":"<p>Be\u015fikta\u015f&#8217;ta Cher Ndour ve Jean Onana&#8217;n\u0131n k\u0131sa m\u00fchlet i\u00e7inde kadrodan ayr\u0131lmas\u0131 bekleniyor.<\/p>\n","protected":false},"author":1,"featured_media":9740,"comment_status":"open","ping_status":"open","sticky":false,"template":"","format":"standard","meta":{"footnotes":""},"categories":[25],"tags":[],"class_list":["post-9739","post","type-post","status-publish","format-standard","has-post-thumbnail","hentry","category-futbol"],"_links":{"self":[{"href":"https:\/\/haberbesiktas.tr\/index.php?rest_route=\/wp\/v2\/posts\/9739","targetHints":{"allow":["GET"]}}],"collection":[{"href":"https:\/\/haberbesiktas.tr\/index.php?rest_route=\/wp\/v2\/posts"}],"about":[{"href":"https:\/\/haberbesiktas.tr\/index.php?rest_route=\/wp\/v2\/types\/post"}],"author":[{"embeddable":true,"href":"https:\/\/haberbesiktas.tr\/index.php?rest_route=\/wp\/v2\/users\/1"}],"replies":[{"embeddable":true,"href":"https:\/\/haberbesiktas.tr\/index.php?rest_route=%2Fwp%2Fv2%2Fcomments&post=9739"}],"version-history":[{"count":1,"href":"https:\/\/haberbesiktas.tr\/index.php?rest_route=\/wp\/v2\/posts\/9739\/revisions"}],"predecessor-version":[{"id":9741,"href":"https:\/\/haberbesiktas.tr\/index.php?rest_route=\/wp\/v2\/posts\/9739\/revisions\/9741"}],"wp:featuredmedia":[{"embeddable":true,"href":"https:\/\/haberbesiktas.tr\/index.php?rest_route=\/wp\/v2\/media\/9740"}],"wp:attachment":[{"href":"https:\/\/haberbesiktas.tr\/index.php?rest_route=%2Fwp%2Fv2%2Fmedia&parent=9739"}],"wp:term":[{"taxonomy":"category","embeddable":true,"href":"https:\/\/haberbesiktas.tr\/index.php?rest_route=%2Fwp%2Fv2%2Fcategories&post=9739"},{"taxonomy":"post_tag","embeddable":true,"href":"https:\/\/haberbesiktas.tr\/index.php?rest_route=%2Fwp%2Fv2%2Ftags&post=9739"}],"curies":[{"name":"wp","href":"https:\/\/api.w.org\/{rel}","templated":true}]}}