{"id":9742,"date":"2025-02-17T20:24:07","date_gmt":"2025-02-17T20:24:07","guid":{"rendered":"https:\/\/haberbesiktas.tr\/?p=9742"},"modified":"2025-02-17T20:24:07","modified_gmt":"2025-02-17T20:24:07","slug":"ismail-kartal-turkiyeden-transfer-istiyorum","status":"publish","type":"post","link":"https:\/\/haberbesiktas.tr\/?p=9742","title":{"rendered":"\u0130smail Kartal: &#8220;T\u00fcrkiye&#8217;den transfer istiyorum&#8221;"},"content":{"rendered":"<div>\u0130ran tak\u0131m\u0131 Persepolis, teknik y\u00f6neticilik misyonuna \u0130smail Kartal&#8217;\u0131n getirildi\u011fini duyurdu.<\/p>\n<p>63 ya\u015f\u0131ndaki teknik adam, Persepolis ile 1.5 y\u0131ll\u0131k muahede sa\u011flad\u0131. Cumartesi sabah saatlerinde \u0130ran&#8217;a giden \u0130smail Kartal, havaliman\u0131nda a\u00e7\u0131klamalarda bulundu.<\/p>\n<p> Tecr\u00fcbeli teknik adam, <strong>&#8220;Uzun vakitten beri Persepolis&#8217;in y\u00f6neticileri benimle temas halindeydi. Ben de \u00e7ok ara\u015ft\u0131rd\u0131m, bakt\u0131m. \u0130ran&#8217;\u0131n en esasl\u0131 gruplar\u0131ndan biri oldu\u011funu \u00f6\u011frendik. Fevkalade bir taraftarlar\u0131 var. \u00c7ok co\u015fkulu, \u00e7ok y\u00fcksek g\u00fc\u00e7l\u00fc. Her ma\u00e7 40-50 bin ki\u015fi, derbileri 100 bin ki\u015fi oynuyor. \u0130ran&#8217;\u0131n en g\u00fc\u00e7l\u00fc kadrolar\u0131ndan biri oldu\u011funu \u00f6\u011frendik. \u015eu anda ligde d\u00f6rd\u00fcnc\u00fc s\u0131radalar. Biz de buraya tekrardan ba\u015far\u0131l\u0131 olmak, kupalar kazanmak i\u00e7in karar verdik. Meslek planlamas\u0131 manas\u0131nda benim i\u00e7in burada \u00e7al\u0131\u015fman\u0131n daha hakikat oldu\u011funu d\u00fc\u015f\u00fcnd\u00fcm ve inand\u0131m. Tak\u0131m\u0131mla konu\u015ftuk ve bu t\u00fcrl\u00fc bir karar ald\u0131k. Bizi \u00e7ok istediler. \u00c7al\u0131\u015fmaya karar verdik. \u00c7ok co\u015fkulu, y\u00fcksek g\u00fc\u00e7l\u00fc, agresif bir taraftarlar\u0131 var. Esasl\u0131 bir kadro oldu\u011funu biliyoruz. Bunun i\u00e7in Persepolis&#8217;te \u00e7al\u0131\u015fmaya karar verdik. Hem de bir yurt d\u0131\u015f\u0131nda \u00e7al\u0131\u015fmak, oray\u0131 basamak olarak kullan\u0131p, tahminen \u015fampiyonluklarla daha ba\u015far\u0131l\u0131 olup uzun y\u0131llar Persepolis&#8217;te de \u00e7al\u0131\u015fabiliriz. Bu bizim elimizde. \u00c7al\u0131\u015farak ba\u015far\u0131l\u0131 oldu\u011fumuzda bize bu kap\u0131lar\u0131n a\u00e7\u0131laca\u011f\u0131n\u0131 biliyoruz. Hem meslek manas\u0131nda hem grup olarak bu t\u00fcrl\u00fc bir fikrimiz oldu. \u0130n\u015fallah burada ba\u015far\u0131l\u0131 oluruz. Hem \u00fclkemizdeki teknik y\u00f6neticilere arkada\u015flar\u0131m\u0131z\u0131n \u00f6n\u00fcn\u00fc a\u00e7m\u0131\u015f oluruz hem de kendi mesle\u011fimiz i\u00e7in ho\u015f bir seyahat \u00f6yk\u00fcs\u00fc olur diye d\u00fc\u015f\u00fcn\u00fcyorum.&#8221;<\/strong> dedi.<\/p>\n<p> <strong>T\u00dcRK\u0130YE&#8217;DEN TRANSFER<\/strong><\/p>\n<p> \u0130smail Kartal, kelamlar\u0131na, &#8220;<strong>T\u00fcrkiye&#8217;den g\u00f6t\u00fcrmek istedi\u011fim oyuncular var. G\u00f6r\u00fc\u015f\u00fcyoruz. Transferin bitmesine birka\u00e7 g\u00fcn kald\u0131. Alabilirsek, buradan takip etti\u011fim, bildi\u011fim oyuncular var. Onlar\u0131 almak i\u00e7in u\u011fra\u015faca\u011f\u0131z. Lakin \u015fu anda \u00e7ok s\u0131k\u0131\u015f\u0131k ma\u00e7 plan\u0131, yo\u011funlu\u011fu var. 3-4 g\u00fcnde bir ma\u00e7 oynayaca\u011f\u0131z. Herkesin beklentisi y\u00fcksek bizden. Elimizden geleni yapaca\u011f\u0131z. As\u0131l i\u015fimiz \u00f6n\u00fcm\u00fczdeki d\u00f6nem ba\u015f\u0131. Kadrosu tan\u0131mak, \u00e7al\u0131\u015fmak i\u00e7in 1-1.5 ay vaktimiz olacak, oyun plan\u0131m\u0131z\u0131 anlatmak ve \u00e7al\u0131\u015fmak i\u00e7in \u015fu anda bu t\u00fcrl\u00fc bir vakit yok. Ke\u015fke vakit olsayd\u0131 da aktarabilseydik. Elimizden geleni yapaca\u011f\u0131z. T\u00fcrkiye&#8217;den takip etti\u011fimiz, birlikte \u00e7al\u0131\u015fmak istedi\u011fim oyuncular var.&#8221;<\/strong> diye devam etti.<\/p>\n<p> \u0130smail Kartal, son olarak, <strong>&#8220;Mustafa Denizli, Ertu\u011frul Sa\u011flam ile g\u00f6r\u00fc\u015ft\u00fcm. Onlardan sa\u011flam referanslar ald\u0131m. \u0130n\u015fallah burada da Allah bizi mahcup etmez. Bize inanan y\u00f6neticilere, lidere te\u015fekk\u00fcr ederim. Taraftara te\u015fekk\u00fcr ederim. S\u00f6yledi\u011fim \u00fczere, ba\u015far\u0131l\u0131 olmak i\u00e7in elimizden geleni yapaca\u011f\u0131z.&#8221;<\/strong> dedi.<\/p>\n<p> <img decoding=\"async\" src=\"https:\/\/haberbesiktas.tr\/wp-content\/uploads\/2025\/02\/ismail-kartal-turkiyeden-transfer-istiyorum-0-IUwpsZjG.jpg\"\/><\/p>\n<p> <strong>FENERBAH\u00c7E&#8217;DEN \u0130SMA\u0130L KARTAL&#8217;A MESAJ<\/strong><\/p>\n<p><span><span>Sar\u0131-lacivertli kul\u00fcpten, &#8220;\u0130smail Kartal&#8217;a yeni misyonunda muvaffakiyetler dileriz&#8221; ba\u015fl\u0131\u011f\u0131yla yay\u0131mlanan bildiride, <strong>&#8220;Fenerbah\u00e7e&#8217;mize hem futbolcu hem de teknik y\u00f6netici olarak hizmet eden, toplulu\u011fumuzun bir neferi olarak her vakit kul\u00fcb\u00fcm\u00fcz\u00fcn yan\u0131nda olan eski teknik y\u00f6neticimiz \u0130smail Kartal&#8217;a, yeni grubu Persepolis&#8217;de sonsuz muvaffakiyetler dileriz.&#8221;<\/strong> denildi.<\/p>\n<p>\u0130smail Kartal ise Fenerbah\u00e7e&#8217;nin iletisine, <strong>&#8220;<\/strong><span><strong>Fenerbah\u00e7e Spor Kul\u00fcb\u00fc&#8217;ne bu ho\u015f temennileri ve dayana\u011f\u0131 i\u00e7in sonsuz te\u015fekk\u00fcrler. Bu b\u00fcy\u00fck toplulu\u011fun bir kesimi olmak her vakit onur ve gurur verici. Fenerbah\u00e7e&#8217;ye t\u00fcm kalbimle sonsuz muvaffakiyetler diliyorum.&#8221;<\/strong> kar\u015f\u0131l\u0131\u011f\u0131n\u0131 verdi.<\/span><\/span><\/span><\/p>\n<\/div>\n","protected":false},"excerpt":{"rendered":"<p>\u0130ran tak\u0131m\u0131 Persepolis, teknik y\u00f6neticilik vazifesine \u0130smail Kartal&#8217;\u0131n getirildi\u011fini duyurdu. \u0130ran&#8217;a giden \u0130smail Kartal, havaliman\u0131nda a\u00e7\u0131klamalarda bulundu.<\/p>\n","protected":false},"author":1,"featured_media":9743,"comment_status":"open","ping_status":"open","sticky":false,"template":"","format":"standard","meta":{"footnotes":""},"categories":[25],"tags":[1010,1009,351,290,54],"class_list":["post-9742","post","type-post","status-publish","format-standard","has-post-thumbnail","hentry","category-futbol","tag-ismail-kartal","tag-persepolis","tag-teknik","tag-var","tag-zaman"],"_links":{"self":[{"href":"https:\/\/haberbesiktas.tr\/index.php?rest_route=\/wp\/v2\/posts\/9742","targetHints":{"allow":["GET"]}}],"collection":[{"href":"https:\/\/haberbesiktas.tr\/index.php?rest_route=\/wp\/v2\/posts"}],"about":[{"href":"https:\/\/haberbesiktas.tr\/index.php?rest_route=\/wp\/v2\/types\/post"}],"author":[{"embeddable":true,"href":"https:\/\/haberbesiktas.tr\/index.php?rest_route=\/wp\/v2\/users\/1"}],"replies":[{"embeddable":true,"href":"https:\/\/haberbesiktas.tr\/index.php?rest_route=%2Fwp%2Fv2%2Fcomments&post=9742"}],"version-history":[{"count":1,"href":"https:\/\/haberbesiktas.tr\/index.php?rest_route=\/wp\/v2\/posts\/9742\/revisions"}],"predecessor-version":[{"id":9745,"href":"https:\/\/haberbesiktas.tr\/index.php?rest_route=\/wp\/v2\/posts\/9742\/revisions\/9745"}],"wp:featuredmedia":[{"embeddable":true,"href":"https:\/\/haberbesiktas.tr\/index.php?rest_route=\/wp\/v2\/media\/9743"}],"wp:attachment":[{"href":"https:\/\/haberbesiktas.tr\/index.php?rest_route=%2Fwp%2Fv2%2Fmedia&parent=9742"}],"wp:term":[{"taxonomy":"category","embeddable":true,"href":"https:\/\/haberbesiktas.tr\/index.php?rest_route=%2Fwp%2Fv2%2Fcategories&post=9742"},{"taxonomy":"post_tag","embeddable":true,"href":"https:\/\/haberbesiktas.tr\/index.php?rest_route=%2Fwp%2Fv2%2Ftags&post=9742"}],"curies":[{"name":"wp","href":"https:\/\/api.w.org\/{rel}","templated":true}]}}