{"id":9788,"date":"2025-02-18T00:00:06","date_gmt":"2025-02-18T00:00:06","guid":{"rendered":"https:\/\/haberbesiktas.tr\/?p=9788"},"modified":"2025-02-18T00:00:06","modified_gmt":"2025-02-18T00:00:06","slug":"pep-guardiola-mourinhoyu-anliyorum","status":"publish","type":"post","link":"https:\/\/haberbesiktas.tr\/?p=9788","title":{"rendered":"Pep Guardiola: &#8220;Mourinho&#8217;yu anl\u0131yorum&#8221;"},"content":{"rendered":"<div>Manchester City&#8217;de bu d\u00f6nem hayli alt\u0131nda kalan Pep Guardiola, Chelsea ma\u00e7\u0131 \u00f6ncesi verdi\u011fi yan\u0131tla dikkat \u00e7ekti.<\/p>\n<p> Ba\u015far\u0131l\u0131 teknik adam, <strong>&#8220;Sizin i\u00e7in bu sezon ligi birinci 4&#8217;te bitirmek \u015fampiyonlukla birebir m\u0131?&#8221;<\/strong> sorusunun akabinde,<strong> &#8220;Evet! Muadil mi, hay\u0131r! Jose Mourinho, Manchester United&#8217;da ligi ikinci s\u0131rada bitirmesinin mesle\u011finin en b\u00fcy\u00fck ba\u015far\u0131s\u0131 oldu\u011funu s\u00f6ylemi\u015fti. Art\u0131k onu \u00e7ok g\u00fczel anl\u0131yorum.&#8221;<\/strong> cevab\u0131n\u0131 verdi.<\/p>\n<p> Manchester City, ligde bu d\u00f6nem 22 ma\u00e7ta toplad\u0131\u011f\u0131 38 puanla 5. s\u0131rada yer al\u0131yor. Pep Guardiola&#8217;n\u0131n grubu, bug\u00fcn (cumartesi) alan\u0131nda Chelsea&#8217;yi a\u011f\u0131rlayacak.<\/p>\n<\/div>\n","protected":false},"excerpt":{"rendered":"<p>Pep Guardiola, &#8220;Bu d\u00f6nemi birinci 4&#8217;te bitirmek bir \u015fampiyonluk kazanmak \u00fczere olacak. Jose Mourinho, Manchester United&#8217;da ligi ikinci bitirmenin b\u00fcy\u00fck muvaffakiyet oldu\u011funu s\u00f6ylemi\u015fti. Art\u0131k onu \u00e7ok uygun anl\u0131yorum.&#8221; halinde konu\u015ftu.<\/p>\n","protected":false},"author":1,"featured_media":9789,"comment_status":"open","ping_status":"open","sticky":false,"template":"","format":"standard","meta":{"footnotes":""},"categories":[25],"tags":[],"class_list":["post-9788","post","type-post","status-publish","format-standard","has-post-thumbnail","hentry","category-futbol"],"_links":{"self":[{"href":"https:\/\/haberbesiktas.tr\/index.php?rest_route=\/wp\/v2\/posts\/9788","targetHints":{"allow":["GET"]}}],"collection":[{"href":"https:\/\/haberbesiktas.tr\/index.php?rest_route=\/wp\/v2\/posts"}],"about":[{"href":"https:\/\/haberbesiktas.tr\/index.php?rest_route=\/wp\/v2\/types\/post"}],"author":[{"embeddable":true,"href":"https:\/\/haberbesiktas.tr\/index.php?rest_route=\/wp\/v2\/users\/1"}],"replies":[{"embeddable":true,"href":"https:\/\/haberbesiktas.tr\/index.php?rest_route=%2Fwp%2Fv2%2Fcomments&post=9788"}],"version-history":[{"count":1,"href":"https:\/\/haberbesiktas.tr\/index.php?rest_route=\/wp\/v2\/posts\/9788\/revisions"}],"predecessor-version":[{"id":9790,"href":"https:\/\/haberbesiktas.tr\/index.php?rest_route=\/wp\/v2\/posts\/9788\/revisions\/9790"}],"wp:featuredmedia":[{"embeddable":true,"href":"https:\/\/haberbesiktas.tr\/index.php?rest_route=\/wp\/v2\/media\/9789"}],"wp:attachment":[{"href":"https:\/\/haberbesiktas.tr\/index.php?rest_route=%2Fwp%2Fv2%2Fmedia&parent=9788"}],"wp:term":[{"taxonomy":"category","embeddable":true,"href":"https:\/\/haberbesiktas.tr\/index.php?rest_route=%2Fwp%2Fv2%2Fcategories&post=9788"},{"taxonomy":"post_tag","embeddable":true,"href":"https:\/\/haberbesiktas.tr\/index.php?rest_route=%2Fwp%2Fv2%2Ftags&post=9788"}],"curies":[{"name":"wp","href":"https:\/\/api.w.org\/{rel}","templated":true}]}}