{"id":9791,"date":"2025-02-18T00:12:12","date_gmt":"2025-02-18T00:12:12","guid":{"rendered":"https:\/\/haberbesiktas.tr\/?p=9791"},"modified":"2025-02-18T00:12:12","modified_gmt":"2025-02-18T00:12:12","slug":"solskjaerden-bir-isme-ret-bir-isme-evet","status":"publish","type":"post","link":"https:\/\/haberbesiktas.tr\/?p=9791","title":{"rendered":"Solskjaer&#8217;den bir isme ret bir isme evet"},"content":{"rendered":"<div>Teknik Y\u00f6netici Ole Gunnar Solskjaer&#8217;in geli\u015fi, transfer borsas\u0131nda Be\u015fikta\u015f&#8217;\u0131n ismini \u00f6n plana \u00e7\u0131kard\u0131. Menajerler, isim listeleriyle Kartal&#8217;\u0131n kap\u0131s\u0131n\u0131 \u00e7al\u0131yor.<\/p>\n<p> Menajerlerin \u00f6nerdi\u011fi isimlerden sol kanat oyuncusu Demarai Gray ve sa\u011f kanat oyuncusu Marcus Edwards \u00f6ne \u00e7\u0131kt\u0131. Solskjaer, Sporting Lizbon formas\u0131 giyen Edwards i\u00e7in olumlu rapor verdi.<\/p>\n<p> Norve\u00e7li teknik adam Al-Ettifaq&#8217;ta d\u00fc\u015fen performans\u0131 sebebiyle Gray ile ilgili net bir karara varamad\u0131.<\/p>\n<p><strong>\u0130K\u0130 OYUNCUNUN RAKAMLARI<\/p>\n<p>Marcus Edwars<br \/><\/strong><br \/><img decoding=\"async\" src=\"https:\/\/haberbesiktas.tr\/wp-content\/uploads\/2025\/02\/solskjaerden-bir-isme-ret-bir-isme-evet-0-vpgqU3HV.jpg\"\/><\/p>\n<p>Sporting Lizbon formas\u0131 giyen Marcus Edwards, bu d\u00f6nem ba\u015f\u015fehir grubunda m\u00fchlet bulmakta zorlan\u0131yor. 10 ma\u00e7ta forma giyebilen 26 ya\u015f\u0131ndaki oyuncu, sadece 346 dakika alanda kalabildi ve bu m\u00fchlet zarf\u0131nda \u00fc\u00e7 gol kaydetti. Edwards&#8217;\u0131n Sporting ile olan mukavelesi gelecek yaz sona erecek.\u00a0<\/p>\n<p><strong>Demarai Gray<br \/><\/strong><br \/><img decoding=\"async\" src=\"https:\/\/haberbesiktas.tr\/wp-content\/uploads\/2025\/02\/solskjaerden-bir-isme-ret-bir-isme-evet-1-jimxPbxM.jpg\"\/><\/p>\n<p>Suudi Arabistan tak\u0131mlar\u0131ndan AL Ettifaq&#8217;ta\u00a0forma giyen Demarai Gray, bu d\u00f6nem 10 ma\u00e7ta forma giydi ve 754 dakika alanda kald\u0131. Bu m\u00fchlet zarf\u0131nda 1 asistle oynayan 28 ya\u015f\u0131ndaki futbolcunun mukavelesi 2027&#8217;de sona erecek.<\/p>\n<p><\/div>\n","protected":false},"excerpt":{"rendered":"<p>Be\u015fikta\u015f Teknik Y\u00f6neticisi Ole Gunnar Solskjaer, teklif edilen isimlerden Demaral Gray&#8217;e olumsuz bakt\u0131, Marcus Edwards&#8217;a &#8220;Olabilir&#8221; dedi.<\/p>\n","protected":false},"author":1,"featured_media":9792,"comment_status":"open","ping_status":"open","sticky":false,"template":"","format":"standard","meta":{"footnotes":""},"categories":[25],"tags":[623],"class_list":["post-9791","post","type-post","status-publish","format-standard","has-post-thumbnail","hentry","category-futbol","tag-forma"],"_links":{"self":[{"href":"https:\/\/haberbesiktas.tr\/index.php?rest_route=\/wp\/v2\/posts\/9791","targetHints":{"allow":["GET"]}}],"collection":[{"href":"https:\/\/haberbesiktas.tr\/index.php?rest_route=\/wp\/v2\/posts"}],"about":[{"href":"https:\/\/haberbesiktas.tr\/index.php?rest_route=\/wp\/v2\/types\/post"}],"author":[{"embeddable":true,"href":"https:\/\/haberbesiktas.tr\/index.php?rest_route=\/wp\/v2\/users\/1"}],"replies":[{"embeddable":true,"href":"https:\/\/haberbesiktas.tr\/index.php?rest_route=%2Fwp%2Fv2%2Fcomments&post=9791"}],"version-history":[{"count":1,"href":"https:\/\/haberbesiktas.tr\/index.php?rest_route=\/wp\/v2\/posts\/9791\/revisions"}],"predecessor-version":[{"id":9795,"href":"https:\/\/haberbesiktas.tr\/index.php?rest_route=\/wp\/v2\/posts\/9791\/revisions\/9795"}],"wp:featuredmedia":[{"embeddable":true,"href":"https:\/\/haberbesiktas.tr\/index.php?rest_route=\/wp\/v2\/media\/9792"}],"wp:attachment":[{"href":"https:\/\/haberbesiktas.tr\/index.php?rest_route=%2Fwp%2Fv2%2Fmedia&parent=9791"}],"wp:term":[{"taxonomy":"category","embeddable":true,"href":"https:\/\/haberbesiktas.tr\/index.php?rest_route=%2Fwp%2Fv2%2Fcategories&post=9791"},{"taxonomy":"post_tag","embeddable":true,"href":"https:\/\/haberbesiktas.tr\/index.php?rest_route=%2Fwp%2Fv2%2Ftags&post=9791"}],"curies":[{"name":"wp","href":"https:\/\/api.w.org\/{rel}","templated":true}]}}