{"id":9796,"date":"2025-02-18T01:00:05","date_gmt":"2025-02-18T01:00:05","guid":{"rendered":"https:\/\/haberbesiktas.tr\/?p=9796"},"modified":"2025-02-18T01:00:05","modified_gmt":"2025-02-18T01:00:05","slug":"besiktas-solskjaer-ile-kullerinden-dogdu","status":"publish","type":"post","link":"https:\/\/haberbesiktas.tr\/?p=9796","title":{"rendered":"Be\u015fikta\u015f, Solskjaer ile k\u00fcllerinden do\u011fdu"},"content":{"rendered":"<div>Be\u015fikta\u015f, S\u00fcper Lig&#8217;de ya\u015fad\u0131\u011f\u0131 kabusu ve Avrupa&#8217;da i\u00e7ine d\u00fc\u015ft\u00fc\u011f\u00fc girdab\u0131 geride b\u0131rakmaya haz\u0131rlan\u0131yor. <\/p>\n<p>Hem idare hem de teknik grup de\u011fi\u015fiklikleriyle esasl\u0131 bir d\u00f6n\u00fc\u015f\u00fcm ya\u015fayan siyah-beyazl\u0131lar, alanda ve kulislerde yeni bir periyot ba\u015flatt\u0131. <\/p>\n<p>Taraftarlar\u0131n tekrar umutlanmas\u0131n\u0131 sa\u011flayan bu de\u011fi\u015fim r\u00fczgar\u0131, Avrupa Ligi&#8217;nde oynanan Athletic Bilbao m\u00fcsabakas\u0131yla ta\u00e7land\u0131. Kartal, \u0130spanyol temsilcisine sahay\u0131 dar ederek hem rakiplerini hem de kendi taraftarlar\u0131n\u0131 \u015fa\u015fk\u0131nl\u0131\u011fa u\u011fratt\u0131.\u00a0 <strong>ADALI DEVR\u0130 BA\u015eLADI<\/strong><\/p>\n<p> Be\u015fikta\u015f&#8217;ta uzun m\u00fcddettir s\u00fcregelen idari kaos, taraftarlar\u0131n sabr\u0131n\u0131 ta\u015f\u0131rm\u0131\u015f ve protestolar\u0131n fitilini ate\u015flemi\u015fti. Tahlil, idare de\u011fi\u015fikli\u011fiyle geldi. <\/p>\n<p>Yeni lider Serdal Adal\u0131 ve tak\u0131m\u0131, k\u0131sa m\u00fcddette kul\u00fcp i\u00e7indeki sorunlar\u0131 \u00e7\u00f6zme konusunda \u00f6nemli ad\u0131mlar att\u0131. \u0130dari istikrar\u0131n sa\u011flanmas\u0131n\u0131n akabinde g\u00f6zler saha i\u00e7ine \u00e7evrildi ve teknik y\u00f6neticilik koltu\u011funa Ole Gunnar Solskjaer getirildi.\u00a0<\/p>\n<p> <strong>UMUT VEREN BA\u015eLANGI\u00c7<\/strong><\/p>\n<p> Norve\u00e7li teknik y\u00f6netici, Be\u015fikta\u015f i\u00e7in sadece bir teknik adam de\u011fil, t\u0131pk\u0131 vakitte bir kurtar\u0131c\u0131 olarak g\u00f6r\u00fcld\u00fc. Solskjaer, grubuyla birlikte vazifeye gelir gelmez dersine \u00e7al\u0131\u015ft\u0131 ve birinci imtihan\u0131n\u0131 Avrupa&#8217;n\u0131n en formda tak\u0131mlar\u0131ndan biri olan Athletic Bilbao kar\u015f\u0131s\u0131nda verdi. <\/p>\n<p>Be\u015fikta\u015f, agresif presi, ekip oyunu ve disiplinli savunmas\u0131yla rakibine nefes ald\u0131rmad\u0131. Gedson Fernandes-Milot Rashica ve Ciro Immobile-Rafa Silva \u00fczere ikililerin ahengi, kadronun total futbol anlay\u0131\u015f\u0131n\u0131 g\u00f6zler \u00f6n\u00fcne serdi.\u00a0<\/p>\n<p> <strong>SOLSKJAER&#8217;\u0130N SIRRI<\/strong><\/p>\n<p> Solskjaer&#8217;in muvaffakiyet s\u0131rr\u0131, inand\u0131\u011f\u0131 i\u015flere imza atmas\u0131. Norve\u00e7 Ulusal Grubu teklifini &#8220;haz\u0131r de\u011filim&#8221; diyerek geri \u00e7eviren deneyimli \u00e7al\u0131\u015ft\u0131r\u0131c\u0131, Be\u015fikta\u015f i\u00e7in ayr\u0131nt\u0131l\u0131 bir haz\u0131rl\u0131k s\u00fcreci ge\u00e7irdi.<\/p>\n<p> Yard\u0131mc\u0131s\u0131 Erling Moe ile programlar\u0131n\u0131 olu\u015ftururken, mevcut tak\u0131m\u0131n potansiyelini ortaya \u00e7\u0131karacak at\u0131l\u0131mlara odakland\u0131. Ge\u00e7mi\u015fte tabana vurmu\u015f gruplar\u0131 aya\u011fa kald\u0131rmas\u0131yla bilinen Solskjaer, Be\u015fikta\u015f&#8217;ta da birebir etkiyi yaratmaya kararl\u0131.<\/p>\n<\/div>\n","protected":false},"excerpt":{"rendered":"<p>Ole Gunnar Solskjaer, sihirli dokunu\u015fuyla ekibi tekrar grup haline getirdi.<\/p>\n","protected":false},"author":1,"featured_media":9797,"comment_status":"open","ping_status":"open","sticky":false,"template":"","format":"standard","meta":{"footnotes":""},"categories":[25],"tags":[71,860],"class_list":["post-9796","post","type-post","status-publish","format-standard","has-post-thumbnail","hentry","category-futbol","tag-besiktas","tag-solskjaer"],"_links":{"self":[{"href":"https:\/\/haberbesiktas.tr\/index.php?rest_route=\/wp\/v2\/posts\/9796","targetHints":{"allow":["GET"]}}],"collection":[{"href":"https:\/\/haberbesiktas.tr\/index.php?rest_route=\/wp\/v2\/posts"}],"about":[{"href":"https:\/\/haberbesiktas.tr\/index.php?rest_route=\/wp\/v2\/types\/post"}],"author":[{"embeddable":true,"href":"https:\/\/haberbesiktas.tr\/index.php?rest_route=\/wp\/v2\/users\/1"}],"replies":[{"embeddable":true,"href":"https:\/\/haberbesiktas.tr\/index.php?rest_route=%2Fwp%2Fv2%2Fcomments&post=9796"}],"version-history":[{"count":1,"href":"https:\/\/haberbesiktas.tr\/index.php?rest_route=\/wp\/v2\/posts\/9796\/revisions"}],"predecessor-version":[{"id":9798,"href":"https:\/\/haberbesiktas.tr\/index.php?rest_route=\/wp\/v2\/posts\/9796\/revisions\/9798"}],"wp:featuredmedia":[{"embeddable":true,"href":"https:\/\/haberbesiktas.tr\/index.php?rest_route=\/wp\/v2\/media\/9797"}],"wp:attachment":[{"href":"https:\/\/haberbesiktas.tr\/index.php?rest_route=%2Fwp%2Fv2%2Fmedia&parent=9796"}],"wp:term":[{"taxonomy":"category","embeddable":true,"href":"https:\/\/haberbesiktas.tr\/index.php?rest_route=%2Fwp%2Fv2%2Fcategories&post=9796"},{"taxonomy":"post_tag","embeddable":true,"href":"https:\/\/haberbesiktas.tr\/index.php?rest_route=%2Fwp%2Fv2%2Ftags&post=9796"}],"curies":[{"name":"wp","href":"https:\/\/api.w.org\/{rel}","templated":true}]}}