{"id":9799,"date":"2025-02-18T01:12:07","date_gmt":"2025-02-18T01:12:07","guid":{"rendered":"https:\/\/haberbesiktas.tr\/?p=9799"},"modified":"2025-02-18T01:12:07","modified_gmt":"2025-02-18T01:12:07","slug":"galatasarayda-varsa-yoksa-asensio","status":"publish","type":"post","link":"https:\/\/haberbesiktas.tr\/?p=9799","title":{"rendered":"Galatasaray&#8217;da varsa yoksa Asensio!"},"content":{"rendered":"<div>Galatasaray, transferdeki sessizli\u011fini harikulade bir isimle bozmaya haz\u0131rlan\u0131yor.<\/p>\n<p> Georges Mikautadze&#8217;de sonu\u00e7 alamayan sar\u0131-k\u0131rm\u0131z\u0131l\u0131 idare, PSG&#8217;nin y\u0131ld\u0131z\u0131 Marco Asensio&#8217;da tekrar ata\u011fa kalkt\u0131 ve Frans\u0131z kul\u00fcb\u00fcne yeni bir teklif sundu.<\/p>\n<p> Sar\u0131-K\u0131rm\u0131z\u0131l\u0131lar&#8217;\u0131n daha evvel \u00f6nerdi\u011fi say\u0131s\u0131 d\u00fc\u015f\u00fck bulan PSG, yeni teklife ise s\u0131cak bak\u0131yor.<\/p>\n<p> <strong>PSG \u0130LE MUTABAKAT YAKIN FAKAT&#8230;<\/strong><\/p>\n<p> Frans\u0131z kaynaklara nazaran sar\u0131-k\u0131rm\u0131z\u0131l\u0131 kul\u00fcp, PSG ile muahedeye yak\u0131n lakin 29 ya\u015f\u0131ndaki oyuncuyu ikna etmekte biraz zorlanacak. Bunun nedeni ise \u0130spanyol kul\u00fcplerinin de Asensio ile yak\u0131ndan ilgilenmesi.<\/p>\n<p> <strong>T\u00dcM KURALLAR ZORLANACAK<\/strong><\/p>\n<p> Lakin Galatasaray da Okan Buruk&#8217;un \u00e7ok istedi\u011fi ve Asensio i\u00e7in t\u00fcm kurallar\u0131 zorlamaya kararl\u0131.<\/p>\n<p> <strong>REAL MADRID&#8217;DE PARLADI<\/strong><\/p>\n<p> \u0130spanya Ulusal Kadro formas\u0131n\u0131 38 defa terleten Asensio, Real Madrid&#8217;de 286 ma\u00e7ta 61 gol 32 asist, PSG&#8217;de ise 46 ma\u00e7ta 7 gol at\u0131p 11 asist yapt\u0131. <\/p>\n<\/div>\n","protected":false},"excerpt":{"rendered":"<p>Transfer \u00e7al\u0131\u015fmalar\u0131n\u0131 s\u00fcrd\u00fcren Galatasaray&#8217;da s\u0131cak geli\u015fmeler ya\u015fanmaya devam ediyor. Sar\u0131-k\u0131rm\u0131z\u0131l\u0131larda son olarak Lider Dursun \u00d6zbek, Asensio transferiyle taraftarlar\u0131 memnun etmek istiyor.<\/p>\n","protected":false},"author":1,"featured_media":9800,"comment_status":"open","ping_status":"open","sticky":false,"template":"","format":"standard","meta":{"footnotes":""},"categories":[25],"tags":[1083],"class_list":["post-9799","post","type-post","status-publish","format-standard","has-post-thumbnail","hentry","category-futbol","tag-psg"],"_links":{"self":[{"href":"https:\/\/haberbesiktas.tr\/index.php?rest_route=\/wp\/v2\/posts\/9799","targetHints":{"allow":["GET"]}}],"collection":[{"href":"https:\/\/haberbesiktas.tr\/index.php?rest_route=\/wp\/v2\/posts"}],"about":[{"href":"https:\/\/haberbesiktas.tr\/index.php?rest_route=\/wp\/v2\/types\/post"}],"author":[{"embeddable":true,"href":"https:\/\/haberbesiktas.tr\/index.php?rest_route=\/wp\/v2\/users\/1"}],"replies":[{"embeddable":true,"href":"https:\/\/haberbesiktas.tr\/index.php?rest_route=%2Fwp%2Fv2%2Fcomments&post=9799"}],"version-history":[{"count":1,"href":"https:\/\/haberbesiktas.tr\/index.php?rest_route=\/wp\/v2\/posts\/9799\/revisions"}],"predecessor-version":[{"id":9801,"href":"https:\/\/haberbesiktas.tr\/index.php?rest_route=\/wp\/v2\/posts\/9799\/revisions\/9801"}],"wp:featuredmedia":[{"embeddable":true,"href":"https:\/\/haberbesiktas.tr\/index.php?rest_route=\/wp\/v2\/media\/9800"}],"wp:attachment":[{"href":"https:\/\/haberbesiktas.tr\/index.php?rest_route=%2Fwp%2Fv2%2Fmedia&parent=9799"}],"wp:term":[{"taxonomy":"category","embeddable":true,"href":"https:\/\/haberbesiktas.tr\/index.php?rest_route=%2Fwp%2Fv2%2Fcategories&post=9799"},{"taxonomy":"post_tag","embeddable":true,"href":"https:\/\/haberbesiktas.tr\/index.php?rest_route=%2Fwp%2Fv2%2Ftags&post=9799"}],"curies":[{"name":"wp","href":"https:\/\/api.w.org\/{rel}","templated":true}]}}