{"id":9805,"date":"2025-02-18T01:36:08","date_gmt":"2025-02-18T01:36:08","guid":{"rendered":"https:\/\/haberbesiktas.tr\/?p=9805"},"modified":"2025-02-18T01:36:08","modified_gmt":"2025-02-18T01:36:08","slug":"yusuf-demire-belcikadan-talip","status":"publish","type":"post","link":"https:\/\/haberbesiktas.tr\/?p=9805","title":{"rendered":"Yusuf Demir&#8217;e Bel\u00e7ika&#8217;dan talip"},"content":{"rendered":"<div>Galatasaray formas\u0131 giyen Yusuf Demir&#8217;e Bel\u00e7ika&#8217;dan talip \u00e7\u0131kt\u0131.<\/p>\n<p> Bel\u00e7ika tak\u0131mlar\u0131ndan Antwerp, Yusuf Demir&#8217;in Galatasaray&#8217;daki durumunu yak\u0131ndan takip ediyor.<\/p>\n<p> 21 ya\u015f\u0131ndaki futbolcunun ismi, Ey\u00fcpspor&#8217;dan Ahmed Kutucu transferinde takas i\u00e7in ge\u00e7mi\u015fti lakin gen\u00e7 oyuncu ekipte kald\u0131.<\/p>\n<p> Yusuf Demir, Galatasaray&#8217;da bu d\u00f6nem 8 ma\u00e7ta m\u00fcddet buldu.<\/p>\n<p> Yeni piyasa pahas\u0131 2.2 milyon euro olarak g\u00f6sterilen Yusuf Demir&#8217;in Galatasaray ile mukavelesi 2026 y\u0131l\u0131na kadar devam ediyor.<\/p>\n<\/div>\n","protected":false},"excerpt":{"rendered":"<p>Bel\u00e7ika Ligi tak\u0131mlar\u0131ndan Antwerp, Galatasaray formas\u0131 giyen Yusuf Demir&#8217;in durumunu takip ediyor.<\/p>\n","protected":false},"author":1,"featured_media":9806,"comment_status":"open","ping_status":"open","sticky":false,"template":"","format":"standard","meta":{"footnotes":""},"categories":[25],"tags":[],"class_list":["post-9805","post","type-post","status-publish","format-standard","has-post-thumbnail","hentry","category-futbol"],"_links":{"self":[{"href":"https:\/\/haberbesiktas.tr\/index.php?rest_route=\/wp\/v2\/posts\/9805","targetHints":{"allow":["GET"]}}],"collection":[{"href":"https:\/\/haberbesiktas.tr\/index.php?rest_route=\/wp\/v2\/posts"}],"about":[{"href":"https:\/\/haberbesiktas.tr\/index.php?rest_route=\/wp\/v2\/types\/post"}],"author":[{"embeddable":true,"href":"https:\/\/haberbesiktas.tr\/index.php?rest_route=\/wp\/v2\/users\/1"}],"replies":[{"embeddable":true,"href":"https:\/\/haberbesiktas.tr\/index.php?rest_route=%2Fwp%2Fv2%2Fcomments&post=9805"}],"version-history":[{"count":1,"href":"https:\/\/haberbesiktas.tr\/index.php?rest_route=\/wp\/v2\/posts\/9805\/revisions"}],"predecessor-version":[{"id":9807,"href":"https:\/\/haberbesiktas.tr\/index.php?rest_route=\/wp\/v2\/posts\/9805\/revisions\/9807"}],"wp:featuredmedia":[{"embeddable":true,"href":"https:\/\/haberbesiktas.tr\/index.php?rest_route=\/wp\/v2\/media\/9806"}],"wp:attachment":[{"href":"https:\/\/haberbesiktas.tr\/index.php?rest_route=%2Fwp%2Fv2%2Fmedia&parent=9805"}],"wp:term":[{"taxonomy":"category","embeddable":true,"href":"https:\/\/haberbesiktas.tr\/index.php?rest_route=%2Fwp%2Fv2%2Fcategories&post=9805"},{"taxonomy":"post_tag","embeddable":true,"href":"https:\/\/haberbesiktas.tr\/index.php?rest_route=%2Fwp%2Fv2%2Ftags&post=9805"}],"curies":[{"name":"wp","href":"https:\/\/api.w.org\/{rel}","templated":true}]}}