{"id":9849,"date":"2025-02-18T05:36:06","date_gmt":"2025-02-18T05:36:06","guid":{"rendered":"https:\/\/haberbesiktas.tr\/?p=9849"},"modified":"2025-02-18T05:36:06","modified_gmt":"2025-02-18T05:36:06","slug":"engeline-meydan-okuyan-tuana-ilk-tekvando-sampiyonasinda-madalya-sevinci-yasadi","status":"publish","type":"post","link":"https:\/\/haberbesiktas.tr\/?p=9849","title":{"rendered":"Engeline meydan okuyan Tuana, ilk tekvando \u015fampiyonas\u0131nda madalya sevinci ya\u015fad\u0131"},"content":{"rendered":"<p>\u00d6\u011fretmeninin y\u00f6nlendirmesiyle ba\u015flad\u0131\u011f\u0131 tekvandoda, kat\u0131ld\u0131\u011f\u0131 birinci \u015fampiyonada T\u00fcrkiye \u00fc\u00e7\u00fcnc\u00fcs\u00fc olmay\u0131 ba\u015faran 17 ya\u015f\u0131ndaki bedensel engelli atlet Tuana \u00c7elik, milletleraras\u0131 tertiplerde da T\u00fcrk bayra\u011f\u0131n\u0131 dalgaland\u0131rmak istiyor.<\/p>\n<p> Yozgat&#8217;\u0131n Yerk\u00f6y il\u00e7esinde ya\u015fayan ve 8 ya\u015f\u0131ndayken engelli kalan Tuana \u00c7elik&#8217;in hayat\u0131, Mehmet Akif Ersoy Ortaokulunda misyonlu V\u00fccut E\u011fitimi \u00d6\u011fretmeni Ahmet G\u00fcn ile tan\u0131\u015fmas\u0131yla de\u011fi\u015fti.<\/p>\n<p> \u015eehit Mehmet Tez Anadolu Lisesi 12. s\u0131n\u0131f \u00f6\u011frencisi Tuana, 2,5 y\u0131l evvel tan\u0131\u015ft\u0131\u011f\u0131 Ahmet G\u00fcn&#8217;\u00fcn y\u00f6nlendirmesiyle tekvandoya ba\u015flad\u0131.<\/p>\n<p> Yerk\u00f6y Tekvando Spor Okulu&#8217;nun antren\u00f6rl\u00fc\u011f\u00fcn\u00fc de yapan Ahmet G\u00fcn e\u015fli\u011findeki idmanlarla kendisini geli\u015ftiren Tuana, kar\u015f\u0131la\u015fmalara kat\u0131lmaya karar verdi.<\/p>\n<p> Ankara&#8217;da 13 Ocak&#8217;ta d\u00fczenlenen T\u00fcrkiye Para Tekvando \u015eampiyonas\u0131&#8217;nda kat\u0131ld\u0131\u011f\u0131 birinci tertipte k\u00fcrs\u00fcn\u00fcn \u00fc\u00e7\u00fcnc\u00fc basama\u011f\u0131nda yer almay\u0131 ba\u015faran Tuana \u00c7elik, ulusal grup formas\u0131 ile \u015fubatta Antalya&#8217;da d\u00fczenlenecek 12. Memleketler aras\u0131 T\u00fcrkiye A\u00e7\u0131k Tekvando Turnuvas\u0131&#8217;nda \u015fampiyonluk hedefliyor.<\/p>\n<p> Paralimpik oyunlar\u0131na da kat\u0131lmak i\u00e7in \u00e7al\u0131\u015fan Tuana, memleketler aras\u0131 tertiplerde madalyalar alarak T\u00fcrk bayra\u011f\u0131n\u0131 dalgaland\u0131rmak istiyor.<\/p>\n<p> <strong>&#8211; &#8220;Hedefim olimpiyatlarda \u00fclkemizi temsil etmek&#8221;<\/strong><\/p>\n<p> Tuana \u00c7elik, AA muhabirine yapt\u0131\u011f\u0131 a\u00e7\u0131klamada, tekvandoya tesad\u00fcfen ba\u015flad\u0131\u011f\u0131n\u0131 belirterek, &#8220;Hocam\u0131n vazife yapt\u0131\u011f\u0131 okula tesad\u00fcfen gittim, onu g\u00f6rd\u00fcm bana para tekvandoyu ve ne \u00fczere katk\u0131lar\u0131 olaca\u011f\u0131n\u0131 anlatt\u0131. Aileme de s\u00f6yledim, onlar da \u00e7ok olumlu bakt\u0131 ve 2,5 y\u0131l evvel tekvandoya ba\u015flad\u0131m.&#8221; dedi.<\/p>\n<p> Ankara&#8217;da kat\u0131ld\u0131\u011f\u0131 birinci turnuvada \u00fc\u00e7\u00fcnc\u00fcl\u00fck elde etti\u011fini anlatan \u00c7elik, ulusal kadroya se\u00e7ildi\u011fi i\u00e7in keyifli oldu\u011funu lisana getirdi.<\/p>\n<p> \u00c7elik, Antalya&#8217;da d\u00fczenlenecek turnuvan\u0131n haz\u0131rl\u0131klar\u0131n\u0131 s\u00fcrd\u00fcrd\u00fc\u011f\u00fcn\u00fc tabir ederek, &#8220;Orada daha d\u00fczg\u00fcn bir amaca ula\u015fmak i\u00e7in azimle \u00e7al\u0131\u015f\u0131yorum. Ulusal grup formas\u0131yla \u00fclkemi temsil etmek istiyorum.&#8221; diye konu\u015ftu.<\/p>\n<p> Kazadan sonra kaybetti\u011fi \u00f6z itimad\u0131n\u0131n tekvandoyla yerine geldi\u011fine ve sporla hayata tutundu\u011funa de\u011finen \u00c7elik, &#8220;Tekvando benim i\u00e7in tutkuya d\u00f6n\u00fc\u015ft\u00fc. Gayem olimpiyatlarda \u00fclkemizi temsil etmek.&#8221; s\u00f6zlerini kulland\u0131.<\/p>\n<p> <strong>&#8211; &#8220;Olimpiyat atleti olacakt\u0131r&#8221;<\/strong><\/p>\n<p> Antren\u00f6r Ahmet G\u00fcn de \u00c7elik&#8217;i tesad\u00fcfen g\u00f6r\u00fcp b\u00fcnyelerine katt\u0131klar\u0131n\u0131 belirtti.<\/p>\n<p> Ailesinin de onay\u0131yla Tuana&#8217;n\u0131n tekvandoya ba\u015flad\u0131\u011f\u0131n\u0131 anlatan G\u00fcn, &#8220;\u0130lk kat\u0131ld\u0131\u011f\u0131 T\u00fcrkiye \u015fampiyonas\u0131nda \u00fc\u00e7\u00fcnc\u00fc oldu. Antalya&#8217;da yap\u0131lacak 12. Memleketler aras\u0131 T\u00fcrkiye A\u00e7\u0131k Tekvando Turnuvas\u0131&#8217;nda ulusal kadroda yar\u0131\u015facak. Orada g\u00fczel bir derece al\u0131rsa Avrupa ve d\u00fcnya \u015fampiyonas\u0131nda yer alabilecek. Amac\u0131m\u0131z 2028 Paralimpik Oyunlar\u0131&#8217;nda \u00fclkemizi temsil etmesi. Bu bi\u00e7imde devam etti\u011fi s\u00fcrece olimpiyat sportmeni olacakt\u0131r.&#8221; dedi.<\/p>\n<p> G\u00fcn, Tuana&#8217;n\u0131n sporla hayat\u0131n\u0131n de\u011fi\u015fti\u011fini, arkada\u015flar<\/p>\n","protected":false},"excerpt":{"rendered":"<p>Yozgat&#8217;ta 8 ya\u015f\u0131ndayken engelli kalan lakin hayata k\u00fcsmeyen 17 ya\u015f\u0131ndaki Tuana \u00c7elik, \u00f6\u011fretmeninin y\u00f6nlendirmesiyle ba\u015flad\u0131\u011f\u0131 tekvandoda yeni madalyalar kazanmak istiyor.<\/p>\n","protected":false},"author":1,"featured_media":9850,"comment_status":"open","ping_status":"open","sticky":false,"template":"","format":"standard","meta":{"footnotes":""},"categories":[27],"tags":[835,107,65,343,1156],"class_list":["post-9849","post","type-post","status-publish","format-standard","has-post-thumbnail","hentry","category-guncel-haberler","tag-celik","tag-gun","tag-spor","tag-tekvando","tag-tuana"],"_links":{"self":[{"href":"https:\/\/haberbesiktas.tr\/index.php?rest_route=\/wp\/v2\/posts\/9849","targetHints":{"allow":["GET"]}}],"collection":[{"href":"https:\/\/haberbesiktas.tr\/index.php?rest_route=\/wp\/v2\/posts"}],"about":[{"href":"https:\/\/haberbesiktas.tr\/index.php?rest_route=\/wp\/v2\/types\/post"}],"author":[{"embeddable":true,"href":"https:\/\/haberbesiktas.tr\/index.php?rest_route=\/wp\/v2\/users\/1"}],"replies":[{"embeddable":true,"href":"https:\/\/haberbesiktas.tr\/index.php?rest_route=%2Fwp%2Fv2%2Fcomments&post=9849"}],"version-history":[{"count":1,"href":"https:\/\/haberbesiktas.tr\/index.php?rest_route=\/wp\/v2\/posts\/9849\/revisions"}],"predecessor-version":[{"id":9851,"href":"https:\/\/haberbesiktas.tr\/index.php?rest_route=\/wp\/v2\/posts\/9849\/revisions\/9851"}],"wp:featuredmedia":[{"embeddable":true,"href":"https:\/\/haberbesiktas.tr\/index.php?rest_route=\/wp\/v2\/media\/9850"}],"wp:attachment":[{"href":"https:\/\/haberbesiktas.tr\/index.php?rest_route=%2Fwp%2Fv2%2Fmedia&parent=9849"}],"wp:term":[{"taxonomy":"category","embeddable":true,"href":"https:\/\/haberbesiktas.tr\/index.php?rest_route=%2Fwp%2Fv2%2Fcategories&post=9849"},{"taxonomy":"post_tag","embeddable":true,"href":"https:\/\/haberbesiktas.tr\/index.php?rest_route=%2Fwp%2Fv2%2Ftags&post=9849"}],"curies":[{"name":"wp","href":"https:\/\/api.w.org\/{rel}","templated":true}]}}