{"id":9855,"date":"2025-02-18T06:00:07","date_gmt":"2025-02-18T06:00:07","guid":{"rendered":"https:\/\/haberbesiktas.tr\/?p=9855"},"modified":"2025-02-18T06:00:07","modified_gmt":"2025-02-18T06:00:07","slug":"bodrum-fk-sahasinda-eyupsporu-agirlayacak","status":"publish","type":"post","link":"https:\/\/haberbesiktas.tr\/?p=9855","title":{"rendered":"Bodrum FK sahas\u0131nda Ey\u00fcpspor&#8217;u a\u011f\u0131rlayacak"},"content":{"rendered":"<div>S\u00fcper Lig&#8217;de d\u00fc\u015fme potas\u0131nda bulunan Bodrum Futbol Kul\u00fcb\u00fc 21&#8217;inci hafta kar\u015f\u0131la\u015fmas\u0131nda pazar g\u00fcn\u00fc meskeninde Ey\u00fcpspor&#8217;la kar\u015f\u0131la\u015facak.\u00a0 Bodrum Stad\u0131&#8217;nda Ozan Erg\u00fcn&#8217;\u00fcn y\u00f6netece\u011fi m\u00fcsabaka saat 16.00&#8217;da ba\u015flayacak. Ye\u015fil-beyazl\u0131lar\u0131n Trabzonspor&#8217;dan tak\u0131m\u0131na dahil etti\u011fi Kuzey Makedonyal\u0131 orta saha oyuncusu Enis Bardhi vazife verilmesi durumunda birinci kere Bodrum FK formas\u0131 giyecek.<\/p>\n<p> Ma\u00e7\u0131n bilet fiyatlar\u0131 VIP trib\u00fcn\u00fc 3 bin, maraton bin 500, kuzey ve g\u00fcney kale gerisi 750, konuk trib\u00fcn\u00fc ise 975 TL olarak belirlendi. Teknik y\u00f6netici Volkan Demirel g\u00fc\u00e7 bir ma\u00e7a \u00e7\u0131kacaklar\u0131n\u0131 s\u00f6z etti. Kazanmak i\u00e7in ellerinden gelen en \u00e2l\u00e2 \u00e7abay\u0131 g\u00f6stereceklerini belirten Volkan Demirel, &#8220;Ey\u00fcpspor uygun bir ekip. Biz de yeterli i\u015fler yap\u0131yoruz. Art\u0131k \u00e7abam\u0131z\u0131 sonuca yans\u0131tmal\u0131y\u0131z&#8221; dedi.<\/p>\n<\/div>\n","protected":false},"excerpt":{"rendered":"<p>S\u00fcper Lig&#8217;de d\u00fc\u015fme potas\u0131nda bulunan Bodrum Futbol Kul\u00fcb\u00fc 21&#8217;inci hafta kar\u015f\u0131la\u015fmas\u0131nda pazar g\u00fcn\u00fc meskeninde Ey\u00fcpspor&#8217;la kar\u015f\u0131 kar\u015f\u0131ya gelecek.<\/p>\n","protected":false},"author":1,"featured_media":9856,"comment_status":"open","ping_status":"open","sticky":false,"template":"","format":"standard","meta":{"footnotes":""},"categories":[25],"tags":[],"class_list":["post-9855","post","type-post","status-publish","format-standard","has-post-thumbnail","hentry","category-futbol"],"_links":{"self":[{"href":"https:\/\/haberbesiktas.tr\/index.php?rest_route=\/wp\/v2\/posts\/9855","targetHints":{"allow":["GET"]}}],"collection":[{"href":"https:\/\/haberbesiktas.tr\/index.php?rest_route=\/wp\/v2\/posts"}],"about":[{"href":"https:\/\/haberbesiktas.tr\/index.php?rest_route=\/wp\/v2\/types\/post"}],"author":[{"embeddable":true,"href":"https:\/\/haberbesiktas.tr\/index.php?rest_route=\/wp\/v2\/users\/1"}],"replies":[{"embeddable":true,"href":"https:\/\/haberbesiktas.tr\/index.php?rest_route=%2Fwp%2Fv2%2Fcomments&post=9855"}],"version-history":[{"count":1,"href":"https:\/\/haberbesiktas.tr\/index.php?rest_route=\/wp\/v2\/posts\/9855\/revisions"}],"predecessor-version":[{"id":9857,"href":"https:\/\/haberbesiktas.tr\/index.php?rest_route=\/wp\/v2\/posts\/9855\/revisions\/9857"}],"wp:featuredmedia":[{"embeddable":true,"href":"https:\/\/haberbesiktas.tr\/index.php?rest_route=\/wp\/v2\/media\/9856"}],"wp:attachment":[{"href":"https:\/\/haberbesiktas.tr\/index.php?rest_route=%2Fwp%2Fv2%2Fmedia&parent=9855"}],"wp:term":[{"taxonomy":"category","embeddable":true,"href":"https:\/\/haberbesiktas.tr\/index.php?rest_route=%2Fwp%2Fv2%2Fcategories&post=9855"},{"taxonomy":"post_tag","embeddable":true,"href":"https:\/\/haberbesiktas.tr\/index.php?rest_route=%2Fwp%2Fv2%2Ftags&post=9855"}],"curies":[{"name":"wp","href":"https:\/\/api.w.org\/{rel}","templated":true}]}}